{"id":337242,"date":"2024-09-02T20:09:15","date_gmt":"2024-09-02T17:09:15","guid":{"rendered":"https:\/\/sana.sy\/es\/?p=337242"},"modified":"2024-09-02T20:09:15","modified_gmt":"2024-09-02T17:09:15","slug":"eeuu-incauto-el-avion-presidencial-de-nicolas-maduro","status":"publish","type":"post","link":"https:\/\/archive.sana.sy\/es\/?p=337242","title":{"rendered":"EEUU incaut\u00f3 el avi\u00f3n presidencial de Nicol\u00e1s Maduro"},"content":{"rendered":"<p style=\"text-align: justify;\"><span style=\"color: #800000;\"><strong>Washington, 2 sep (SANA)<\/strong><\/span>\u00a0 El avi\u00f3n presidencial de Nicol\u00e1s Maduro fue incautado en Rep\u00fablica Dominicana por las autoridades de EE.UU, report\u00f3 la cadena CNN.<\/p>\n<p style=\"text-align: justify;\">El avi\u00f3n permaneci\u00f3 en la Rep\u00fablica Dominicana durante los \u00faltimos meses antes de que las autoridades estadounidenses incautaran la aeronave.<\/p>\n<p style=\"text-align: justify;\">Posteriormente, la aeronave habr\u00eda sido dirigida al estado de Florida, en territorio estadounidense, seg\u00fan aseveraron dos funcionarios de ese pa\u00eds, cuya identidad no fue develada.<\/p>\n<p style=\"text-align: justify;\">En junio de 2022, un Boeing 747-300 fue retenido en Argentina durante el gobierno de Alberto Fern\u00e1ndez. La acci\u00f3n fue calificada por Caracas como un &#8220;secuestro&#8221; a sus activos. La aeronave fue entregada recientemente a Washington por parte la Administraci\u00f3n de Javier Milei, lo que Venezuela tild\u00f3 como &#8220;un robo descarado&#8221; en perjuicio del Estado.<\/p>\n<p>fm\/ahs<\/p>\n","protected":false},"excerpt":{"rendered":"<p>Washington, 2 sep (SANA)\u00a0 El avi\u00f3n presidencial de Nicol\u00e1s Maduro fue incautado en Rep\u00fablica Dominicana por las autoridades de EE.UU, report\u00f3 la cadena CNN. El avi\u00f3n permaneci\u00f3 en la Rep\u00fablica Dominicana durante los \u00faltimos meses antes de que las autoridades estadounidenses incautaran la aeronave. Posteriormente, la aeronave habr\u00eda sido dirigida al estado de Florida, en &hellip;<\/p>\n","protected":false},"author":43,"featured_media":337243,"comment_status":"closed","ping_status":"closed","sticky":false,"template":"","format":"standard","meta":{"footnotes":""},"categories":[597,456,16687,20724,7541],"tags":[],"class_list":["post-337242","post","type-post","status-publish","format-standard","has-post-thumbnail","","category-cinta-de-noticias","category-arabe-internacional-politica","category-internacionales","category-minuto-a-minuto","category-ultimas-noticias"],"_links":{"self":[{"href":"https:\/\/archive.sana.sy\/es\/index.php?rest_route=\/wp\/v2\/posts\/337242"}],"collection":[{"href":"https:\/\/archive.sana.sy\/es\/index.php?rest_route=\/wp\/v2\/posts"}],"about":[{"href":"https:\/\/archive.sana.sy\/es\/index.php?rest_route=\/wp\/v2\/types\/post"}],"author":[{"embeddable":true,"href":"https:\/\/archive.sana.sy\/es\/index.php?rest_route=\/wp\/v2\/users\/43"}],"replies":[{"embeddable":true,"href":"https:\/\/archive.sana.sy\/es\/index.php?rest_route=%2Fwp%2Fv2%2Fcomments&post=337242"}],"version-history":[{"count":1,"href":"https:\/\/archive.sana.sy\/es\/index.php?rest_route=\/wp\/v2\/posts\/337242\/revisions"}],"predecessor-version":[{"id":337244,"href":"https:\/\/archive.sana.sy\/es\/index.php?rest_route=\/wp\/v2\/posts\/337242\/revisions\/337244"}],"wp:featuredmedia":[{"embeddable":true,"href":"https:\/\/archive.sana.sy\/es\/index.php?rest_route=\/wp\/v2\/media\/337243"}],"wp:attachment":[{"href":"https:\/\/archive.sana.sy\/es\/index.php?rest_route=%2Fwp%2Fv2%2Fmedia&parent=337242"}],"wp:term":[{"taxonomy":"category","embeddable":true,"href":"https:\/\/archive.sana.sy\/es\/index.php?rest_route=%2Fwp%2Fv2%2Fcategories&post=337242"},{"taxonomy":"post_tag","embeddable":true,"href":"https:\/\/archive.sana.sy\/es\/index.php?rest_route=%2Fwp%2Fv2%2Ftags&post=337242"}],"curies":[{"name":"wp","href":"https:\/\/api.w.org\/{rel}","templated":true}]}}