{"id":337245,"date":"2024-09-02T20:20:51","date_gmt":"2024-09-02T17:20:51","guid":{"rendered":"https:\/\/sana.sy\/es\/?p=337245"},"modified":"2024-09-02T20:20:51","modified_gmt":"2024-09-02T17:20:51","slug":"jordania-anuncia-la-deteccion-de-nuevo-caso-de-viruela-simica","status":"publish","type":"post","link":"https:\/\/archive.sana.sy\/es\/?p=337245","title":{"rendered":"Jordania anuncia la detecci\u00f3n de nuevo caso de viruela simica"},"content":{"rendered":"<p style=\"text-align: justify;\"><span style=\"color: #800000;\"><strong>Amman, 2 sep (SANA)<\/strong><\/span> El Ministerio de Salud de Jordania anunci\u00f3 hoy el registro de un caso de infecci\u00f3n por viruela simica de una persona que reside en el pa\u00eds y no es jordana.<\/p>\n<p style=\"text-align: justify;\">\u201cLa persona infectada tiene 33 a\u00f1os, mostr\u00f3 s\u00edntomas de infecci\u00f3n en forma de granos (erupci\u00f3n de piel) y actualmente se encuentra aislado en el hospital, fue diagnosticada mediante una prueba PCR en los laboratorios del Ministerio de Salud y su estado es estable\u201d, inform\u00f3 el Ministerio citado por la agencia de noticias Petra.<\/p>\n<p style=\"text-align: justify;\">Recomend\u00f3 que todos en Jordania sigan las orientaciones sanitarias, especialmente durante los viajes.<\/p>\n<p style=\"text-align: justify;\">El organismo se\u00f1al\u00f3 que este caso no es el primero de este tipo en Jordania, ya que se registr\u00f3 un caso el 8 de septiembre de 2022 y en tales casos se siguieron procedimientos rutinarios que fueron suficientes para prevenir la propagaci\u00f3n de la infecci\u00f3n y curar al paciente sin ninguna complicaci\u00f3n.<\/p>\n<p>ahs\/fm<\/p>\n","protected":false},"excerpt":{"rendered":"<p>Amman, 2 sep (SANA) El Ministerio de Salud de Jordania anunci\u00f3 hoy el registro de un caso de infecci\u00f3n por viruela simica de una persona que reside en el pa\u00eds y no es jordana. \u201cLa persona infectada tiene 33 a\u00f1os, mostr\u00f3 s\u00edntomas de infecci\u00f3n en forma de granos (erupci\u00f3n de piel) y actualmente se encuentra &hellip;<\/p>\n","protected":false},"author":43,"featured_media":337246,"comment_status":"closed","ping_status":"closed","sticky":false,"template":"","format":"standard","meta":{"footnotes":""},"categories":[597,456,16687,20724,7541],"tags":[],"class_list":["post-337245","post","type-post","status-publish","format-standard","has-post-thumbnail","","category-cinta-de-noticias","category-arabe-internacional-politica","category-internacionales","category-minuto-a-minuto","category-ultimas-noticias"],"_links":{"self":[{"href":"https:\/\/archive.sana.sy\/es\/index.php?rest_route=\/wp\/v2\/posts\/337245"}],"collection":[{"href":"https:\/\/archive.sana.sy\/es\/index.php?rest_route=\/wp\/v2\/posts"}],"about":[{"href":"https:\/\/archive.sana.sy\/es\/index.php?rest_route=\/wp\/v2\/types\/post"}],"author":[{"embeddable":true,"href":"https:\/\/archive.sana.sy\/es\/index.php?rest_route=\/wp\/v2\/users\/43"}],"replies":[{"embeddable":true,"href":"https:\/\/archive.sana.sy\/es\/index.php?rest_route=%2Fwp%2Fv2%2Fcomments&post=337245"}],"version-history":[{"count":1,"href":"https:\/\/archive.sana.sy\/es\/index.php?rest_route=\/wp\/v2\/posts\/337245\/revisions"}],"predecessor-version":[{"id":337247,"href":"https:\/\/archive.sana.sy\/es\/index.php?rest_route=\/wp\/v2\/posts\/337245\/revisions\/337247"}],"wp:featuredmedia":[{"embeddable":true,"href":"https:\/\/archive.sana.sy\/es\/index.php?rest_route=\/wp\/v2\/media\/337246"}],"wp:attachment":[{"href":"https:\/\/archive.sana.sy\/es\/index.php?rest_route=%2Fwp%2Fv2%2Fmedia&parent=337245"}],"wp:term":[{"taxonomy":"category","embeddable":true,"href":"https:\/\/archive.sana.sy\/es\/index.php?rest_route=%2Fwp%2Fv2%2Fcategories&post=337245"},{"taxonomy":"post_tag","embeddable":true,"href":"https:\/\/archive.sana.sy\/es\/index.php?rest_route=%2Fwp%2Fv2%2Ftags&post=337245"}],"curies":[{"name":"wp","href":"https:\/\/api.w.org\/{rel}","templated":true}]}}