{"id":337248,"date":"2024-09-03T05:35:34","date_gmt":"2024-09-03T02:35:34","guid":{"rendered":"https:\/\/sana.sy\/es\/?p=337248"},"modified":"2024-09-03T05:35:34","modified_gmt":"2024-09-03T02:35:34","slug":"caracas-tacha-de-pirateria-la-confiscacion-del-avion-presidencial-de-nicolas-maduro","status":"publish","type":"post","link":"https:\/\/archive.sana.sy\/es\/?p=337248","title":{"rendered":"Caracas tacha de pirater\u00eda la confiscaci\u00f3n del avi\u00f3n presidencial de Nicol\u00e1s Maduro"},"content":{"rendered":"<p style=\"text-align: justify;\"><span style=\"color: #800000;\"><strong>Caracas, 3 sep (SANA)<\/strong> <\/span>El Gobierno venezolano denunci\u00f3 hoy la confiscaci\u00f3n de una aeronave de uso presidencial por parte de las autoridades estadounidenses, y tach\u00f3 esta medida de una pr\u00e1ctica criminal y una pirater\u00eda.<\/p>\n<p style=\"text-align: justify;\">&#8220;La Rep\u00fablica Bolivariana de Venezuela denuncia ante la comunidad internacional que una vez m\u00e1s, las autoridades de los Estados Unidos de Am\u00e9rica, en una pr\u00e1ctica criminal reincidente que no puede ser calificada de otra cosa que no sea de pirater\u00eda, ha confiscado ilegalmente una aeronave que ha venido siendo utilizada por el Presidente de la Rep\u00fablica, justific\u00e1ndose en las medidas coercitivas que de manera unilateral e ilegal, impone alrededor del mundo&#8221;, asegur\u00f3 un comunicado del gobierno publicado por el canciller de la naci\u00f3n sudamericana, Yv\u00e1n Gil, en su canal oficial de Telegram.<\/p>\n<p style=\"text-align: justify;\">Agreg\u00f3 que Caracas se reserva del derecho de emprender cualquier acci\u00f3n legal para reparar este da\u00f1o a la naci\u00f3n, as\u00ed como los otros da\u00f1os causados por la pol\u00edtica criminal de medidas coercitivas unilaterales.<\/p>\n<p style=\"text-align: justify;\">&#8220;Venezuela se respeta y contin\u00faa defendiendo con firmeza su dignidad y soberan\u00eda&#8221;, concluy\u00f3.<\/p>\n<p style=\"text-align: justify;\">Se trata de una aeronave Dassault Falcon 900EX que, seg\u00fan el Departamento de Justicia de Estados Unidos, fue exportada ilegalmente desde Estados Unidos y utilizada en beneficio del presidente Nicol\u00e1s Maduro y sus representantes.<\/p>\n<p style=\"text-align: justify;\">La aeronave fue incautada en la Rep\u00fablica Dominicana y transferida al Distrito Sur de Florida a petici\u00f3n de Washington, que argumenta violaciones cometidas a las leyes estadounidenses de control de exportaciones y sanciones, dijo el Departamento de Justicia de Estados Unidos.<\/p>\n<p style=\"text-align: justify;\">fm<\/p>\n","protected":false},"excerpt":{"rendered":"<p>Caracas, 3 sep (SANA) El Gobierno venezolano denunci\u00f3 hoy la confiscaci\u00f3n de una aeronave de uso presidencial por parte de las autoridades estadounidenses, y tach\u00f3 esta medida de una pr\u00e1ctica criminal y una pirater\u00eda. &#8220;La Rep\u00fablica Bolivariana de Venezuela denuncia ante la comunidad internacional que una vez m\u00e1s, las autoridades de los Estados Unidos de &hellip;<\/p>\n","protected":false},"author":34,"featured_media":337249,"comment_status":"closed","ping_status":"closed","sticky":false,"template":"","format":"standard","meta":{"footnotes":""},"categories":[597,456,20724,7541],"tags":[],"class_list":["post-337248","post","type-post","status-publish","format-standard","has-post-thumbnail","","category-cinta-de-noticias","category-arabe-internacional-politica","category-minuto-a-minuto","category-ultimas-noticias"],"_links":{"self":[{"href":"https:\/\/archive.sana.sy\/es\/index.php?rest_route=\/wp\/v2\/posts\/337248"}],"collection":[{"href":"https:\/\/archive.sana.sy\/es\/index.php?rest_route=\/wp\/v2\/posts"}],"about":[{"href":"https:\/\/archive.sana.sy\/es\/index.php?rest_route=\/wp\/v2\/types\/post"}],"author":[{"embeddable":true,"href":"https:\/\/archive.sana.sy\/es\/index.php?rest_route=\/wp\/v2\/users\/34"}],"replies":[{"embeddable":true,"href":"https:\/\/archive.sana.sy\/es\/index.php?rest_route=%2Fwp%2Fv2%2Fcomments&post=337248"}],"version-history":[{"count":1,"href":"https:\/\/archive.sana.sy\/es\/index.php?rest_route=\/wp\/v2\/posts\/337248\/revisions"}],"predecessor-version":[{"id":337250,"href":"https:\/\/archive.sana.sy\/es\/index.php?rest_route=\/wp\/v2\/posts\/337248\/revisions\/337250"}],"wp:featuredmedia":[{"embeddable":true,"href":"https:\/\/archive.sana.sy\/es\/index.php?rest_route=\/wp\/v2\/media\/337249"}],"wp:attachment":[{"href":"https:\/\/archive.sana.sy\/es\/index.php?rest_route=%2Fwp%2Fv2%2Fmedia&parent=337248"}],"wp:term":[{"taxonomy":"category","embeddable":true,"href":"https:\/\/archive.sana.sy\/es\/index.php?rest_route=%2Fwp%2Fv2%2Fcategories&post=337248"},{"taxonomy":"post_tag","embeddable":true,"href":"https:\/\/archive.sana.sy\/es\/index.php?rest_route=%2Fwp%2Fv2%2Ftags&post=337248"}],"curies":[{"name":"wp","href":"https:\/\/api.w.org\/{rel}","templated":true}]}}