{"id":337254,"date":"2024-09-03T10:40:35","date_gmt":"2024-09-03T07:40:35","guid":{"rendered":"https:\/\/sana.sy\/es\/?p=337254"},"modified":"2024-09-03T10:40:42","modified_gmt":"2024-09-03T07:40:42","slug":"jornada-de-arte-sirio-en-un-sitio-arqueologico-fotos","status":"publish","type":"post","link":"https:\/\/archive.sana.sy\/es\/?p=337254","title":{"rendered":"Jornada de arte sirio en un sitio arqueol\u00f3gico (+ fotos)"},"content":{"rendered":"<p style=\"text-align: justify;\"><span style=\"color: #800000;\"><strong>Latakia, 3 sep (SANA)<\/strong><\/span> El Foro de Bellas Artes &#8220;Ugarit&#8221; inici\u00f3 en el sitio arquel\u00f3gico de Ras Shamra, en la provincia costera de Latakia.<\/p>\n<p style=\"text-align: justify;\">El evento, organizado por el Ministerio de Cultura, reuni\u00f3 a 11 artistas de diferentes provincias sirias y de diversas escuelas art\u00edsticas.<\/p>\n<p style=\"text-align: justify;\">De acuerdo con el director de Bellas Artes del Ministerio, Wassim Abdel Hamid, se escogi\u00f3 un lugar hist\u00f3rico para celebrar la jornada de este a\u00f1o debido al \u00e9xito que tuvo el foro anterior celebrado en 2023 en el anfiteatro romano en la ciudad de Jableh.<\/p>\n<div id='gallery-1' class='gallery galleryid-337254 gallery-columns-1 gallery-size-full'><figure class='gallery-item'>\n\t\t\t<div class='gallery-icon landscape'>\n\t\t\t\t<a href='https:\/\/archive.sana.sy\/es\/wp-content\/uploads\/2024\/09\/14.jpg'><img loading=\"lazy\" decoding=\"async\" width=\"660\" height=\"372\" src=\"https:\/\/archive.sana.sy\/es\/wp-content\/uploads\/2024\/09\/14.jpg\" class=\"attachment-full size-full\" alt=\"\" srcset=\"https:\/\/archive.sana.sy\/es\/wp-content\/uploads\/2024\/09\/14.jpg 660w, https:\/\/archive.sana.sy\/es\/wp-content\/uploads\/2024\/09\/14-300x169.jpg 300w, https:\/\/archive.sana.sy\/es\/wp-content\/uploads\/2024\/09\/14-150x85.jpg 150w\" sizes=\"(max-width: 660px) 100vw, 660px\" \/><\/a>\n\t\t\t<\/div><\/figure><figure class='gallery-item'>\n\t\t\t<div class='gallery-icon landscape'>\n\t\t\t\t<a href='https:\/\/archive.sana.sy\/es\/wp-content\/uploads\/2024\/09\/19.jpg'><img loading=\"lazy\" decoding=\"async\" width=\"660\" height=\"389\" src=\"https:\/\/archive.sana.sy\/es\/wp-content\/uploads\/2024\/09\/19.jpg\" class=\"attachment-full size-full\" alt=\"\" srcset=\"https:\/\/archive.sana.sy\/es\/wp-content\/uploads\/2024\/09\/19.jpg 660w, https:\/\/archive.sana.sy\/es\/wp-content\/uploads\/2024\/09\/19-300x177.jpg 300w, https:\/\/archive.sana.sy\/es\/wp-content\/uploads\/2024\/09\/19-150x88.jpg 150w\" sizes=\"(max-width: 660px) 100vw, 660px\" \/><\/a>\n\t\t\t<\/div><\/figure><figure class='gallery-item'>\n\t\t\t<div class='gallery-icon landscape'>\n\t\t\t\t<a href='https:\/\/archive.sana.sy\/es\/wp-content\/uploads\/2024\/09\/3-11.jpg'><img loading=\"lazy\" decoding=\"async\" width=\"660\" height=\"394\" src=\"https:\/\/archive.sana.sy\/es\/wp-content\/uploads\/2024\/09\/3-11.jpg\" class=\"attachment-full size-full\" alt=\"\" srcset=\"https:\/\/archive.sana.sy\/es\/wp-content\/uploads\/2024\/09\/3-11.jpg 660w, https:\/\/archive.sana.sy\/es\/wp-content\/uploads\/2024\/09\/3-11-300x179.jpg 300w, https:\/\/archive.sana.sy\/es\/wp-content\/uploads\/2024\/09\/3-11-150x90.jpg 150w\" sizes=\"(max-width: 660px) 100vw, 660px\" \/><\/a>\n\t\t\t<\/div><\/figure><figure class='gallery-item'>\n\t\t\t<div class='gallery-icon landscape'>\n\t\t\t\t<a href='https:\/\/archive.sana.sy\/es\/wp-content\/uploads\/2024\/09\/7-2.jpg'><img loading=\"lazy\" decoding=\"async\" width=\"660\" height=\"434\" src=\"https:\/\/archive.sana.sy\/es\/wp-content\/uploads\/2024\/09\/7-2.jpg\" class=\"attachment-full size-full\" alt=\"\" srcset=\"https:\/\/archive.sana.sy\/es\/wp-content\/uploads\/2024\/09\/7-2.jpg 660w, https:\/\/archive.sana.sy\/es\/wp-content\/uploads\/2024\/09\/7-2-300x197.jpg 300w, https:\/\/archive.sana.sy\/es\/wp-content\/uploads\/2024\/09\/7-2-150x99.jpg 150w, https:\/\/archive.sana.sy\/es\/wp-content\/uploads\/2024\/09\/7-2-310x205.jpg 310w\" sizes=\"(max-width: 660px) 100vw, 660px\" \/><\/a>\n\t\t\t<\/div><\/figure><figure class='gallery-item'>\n\t\t\t<div class='gallery-icon landscape'>\n\t\t\t\t<a href='https:\/\/archive.sana.sy\/es\/wp-content\/uploads\/2024\/09\/21.jpg'><img loading=\"lazy\" decoding=\"async\" width=\"660\" height=\"394\" src=\"https:\/\/archive.sana.sy\/es\/wp-content\/uploads\/2024\/09\/21.jpg\" class=\"attachment-full size-full\" alt=\"\" srcset=\"https:\/\/archive.sana.sy\/es\/wp-content\/uploads\/2024\/09\/21.jpg 660w, https:\/\/archive.sana.sy\/es\/wp-content\/uploads\/2024\/09\/21-300x179.jpg 300w, https:\/\/archive.sana.sy\/es\/wp-content\/uploads\/2024\/09\/21-150x90.jpg 150w\" sizes=\"(max-width: 660px) 100vw, 660px\" \/><\/a>\n\t\t\t<\/div><\/figure>\n\t\t<\/div>\n\n<p style=\"text-align: justify;\">fm\/as<\/p>\n","protected":false},"excerpt":{"rendered":"<p>Latakia, 3 sep (SANA) El Foro de Bellas Artes &#8220;Ugarit&#8221; inici\u00f3 en el sitio arquel\u00f3gico de Ras Shamra, en la provincia costera de Latakia. El evento, organizado por el Ministerio de Cultura, reuni\u00f3 a 11 artistas de diferentes provincias sirias y de diversas escuelas art\u00edsticas. De acuerdo con el director de Bellas Artes del Ministerio, &hellip;<\/p>\n","protected":false},"author":42,"featured_media":337260,"comment_status":"closed","ping_status":"closed","sticky":false,"template":"","format":"standard","meta":{"footnotes":""},"categories":[597,510,20724,7541],"tags":[],"class_list":["post-337254","post","type-post","status-publish","format-standard","has-post-thumbnail","","category-cinta-de-noticias","category-arte-y-cultura","category-minuto-a-minuto","category-ultimas-noticias"],"_links":{"self":[{"href":"https:\/\/archive.sana.sy\/es\/index.php?rest_route=\/wp\/v2\/posts\/337254"}],"collection":[{"href":"https:\/\/archive.sana.sy\/es\/index.php?rest_route=\/wp\/v2\/posts"}],"about":[{"href":"https:\/\/archive.sana.sy\/es\/index.php?rest_route=\/wp\/v2\/types\/post"}],"author":[{"embeddable":true,"href":"https:\/\/archive.sana.sy\/es\/index.php?rest_route=\/wp\/v2\/users\/42"}],"replies":[{"embeddable":true,"href":"https:\/\/archive.sana.sy\/es\/index.php?rest_route=%2Fwp%2Fv2%2Fcomments&post=337254"}],"version-history":[{"count":1,"href":"https:\/\/archive.sana.sy\/es\/index.php?rest_route=\/wp\/v2\/posts\/337254\/revisions"}],"predecessor-version":[{"id":337261,"href":"https:\/\/archive.sana.sy\/es\/index.php?rest_route=\/wp\/v2\/posts\/337254\/revisions\/337261"}],"wp:featuredmedia":[{"embeddable":true,"href":"https:\/\/archive.sana.sy\/es\/index.php?rest_route=\/wp\/v2\/media\/337260"}],"wp:attachment":[{"href":"https:\/\/archive.sana.sy\/es\/index.php?rest_route=%2Fwp%2Fv2%2Fmedia&parent=337254"}],"wp:term":[{"taxonomy":"category","embeddable":true,"href":"https:\/\/archive.sana.sy\/es\/index.php?rest_route=%2Fwp%2Fv2%2Fcategories&post=337254"},{"taxonomy":"post_tag","embeddable":true,"href":"https:\/\/archive.sana.sy\/es\/index.php?rest_route=%2Fwp%2Fv2%2Ftags&post=337254"}],"curies":[{"name":"wp","href":"https:\/\/api.w.org\/{rel}","templated":true}]}}