{"id":337262,"date":"2024-09-03T11:27:00","date_gmt":"2024-09-03T08:27:00","guid":{"rendered":"https:\/\/sana.sy\/es\/?p=337262"},"modified":"2024-09-03T11:27:00","modified_gmt":"2024-09-03T08:27:00","slug":"52-periodistas-palestinos-se-mantienen-detenidos-en-carceles-israelies","status":"publish","type":"post","link":"https:\/\/archive.sana.sy\/es\/?p=337262","title":{"rendered":"52 periodistas palestinos se mantienen detenidos en c\u00e1rceles israel\u00edes"},"content":{"rendered":"<p style=\"text-align: justify;\"><span style=\"color: #800000;\"><strong>Jerusal\u00e9n ocupada, 3 sep (SANA) <\/strong><\/span>El Club de Prisioneros Palestinos inform\u00f3 hoy que las autoridades israel\u00edes intensificaron sus pr\u00e1cticas de arresto arbitrario a periodistas palestinos, desde el inicio de la agresi\u00f3n a la Franja de Gaza en octubre pasado.<\/p>\n<p style=\"text-align: justify;\">&#8220;El n\u00famero de periodistas detenidos en c\u00e1rceles del ocupante israel\u00ed llega a 61, entre ellos 52 han sido arrestados desde el comienzo de la agresi\u00f3n a Gaza el 7 de octubre pasado\u201d, indic\u00f3 el Club en un comunicado.<\/p>\n<p style=\"text-align: justify;\">Desde el comienzo de la guerra israel\u00ed, &#8220;Israel&#8221; ha estado atacando deliberadamente a los periodistas para impedirles de transmitir la verdad de las masacres que est\u00e1 cometiendo contra los palestinos.<\/p>\n<p style=\"text-align: justify;\">La Oficina de Prensa en la Franja de Gaza hab\u00eda informado que el n\u00famero de periodistas asesinados por \u201cIsrael\u201d aument\u00f3 a 170 desde el inicio de la guerra.<\/p>\n<p style=\"text-align: justify;\">El pasado mes de mayo, la Organizaci\u00f3n de las Naciones Unidas para la Educaci\u00f3n, la Ciencia y la Cultura (UNESCO) anunci\u00f3 que hab\u00eda concedido su Premio Mundial de la Libertad de Prensa a todos los periodistas palestinos que cubren la agresi\u00f3n israel\u00ed a Gaza.<\/p>\n<p style=\"text-align: justify;\">as\/fm<\/p>\n","protected":false},"excerpt":{"rendered":"<p>Jerusal\u00e9n ocupada, 3 sep (SANA) El Club de Prisioneros Palestinos inform\u00f3 hoy que las autoridades israel\u00edes intensificaron sus pr\u00e1cticas de arresto arbitrario a periodistas palestinos, desde el inicio de la agresi\u00f3n a la Franja de Gaza en octubre pasado. &#8220;El n\u00famero de periodistas detenidos en c\u00e1rceles del ocupante israel\u00ed llega a 61, entre ellos 52 &hellip;<\/p>\n","protected":false},"author":42,"featured_media":337263,"comment_status":"closed","ping_status":"closed","sticky":false,"template":"","format":"standard","meta":{"footnotes":""},"categories":[597,456,16687,20724,583],"tags":[],"class_list":["post-337262","post","type-post","status-publish","format-standard","has-post-thumbnail","","category-cinta-de-noticias","category-arabe-internacional-politica","category-internacionales","category-minuto-a-minuto","category-slide"],"_links":{"self":[{"href":"https:\/\/archive.sana.sy\/es\/index.php?rest_route=\/wp\/v2\/posts\/337262"}],"collection":[{"href":"https:\/\/archive.sana.sy\/es\/index.php?rest_route=\/wp\/v2\/posts"}],"about":[{"href":"https:\/\/archive.sana.sy\/es\/index.php?rest_route=\/wp\/v2\/types\/post"}],"author":[{"embeddable":true,"href":"https:\/\/archive.sana.sy\/es\/index.php?rest_route=\/wp\/v2\/users\/42"}],"replies":[{"embeddable":true,"href":"https:\/\/archive.sana.sy\/es\/index.php?rest_route=%2Fwp%2Fv2%2Fcomments&post=337262"}],"version-history":[{"count":1,"href":"https:\/\/archive.sana.sy\/es\/index.php?rest_route=\/wp\/v2\/posts\/337262\/revisions"}],"predecessor-version":[{"id":337264,"href":"https:\/\/archive.sana.sy\/es\/index.php?rest_route=\/wp\/v2\/posts\/337262\/revisions\/337264"}],"wp:featuredmedia":[{"embeddable":true,"href":"https:\/\/archive.sana.sy\/es\/index.php?rest_route=\/wp\/v2\/media\/337263"}],"wp:attachment":[{"href":"https:\/\/archive.sana.sy\/es\/index.php?rest_route=%2Fwp%2Fv2%2Fmedia&parent=337262"}],"wp:term":[{"taxonomy":"category","embeddable":true,"href":"https:\/\/archive.sana.sy\/es\/index.php?rest_route=%2Fwp%2Fv2%2Fcategories&post=337262"},{"taxonomy":"post_tag","embeddable":true,"href":"https:\/\/archive.sana.sy\/es\/index.php?rest_route=%2Fwp%2Fv2%2Ftags&post=337262"}],"curies":[{"name":"wp","href":"https:\/\/api.w.org\/{rel}","templated":true}]}}