{"id":337265,"date":"2024-09-03T12:27:55","date_gmt":"2024-09-03T09:27:55","guid":{"rendered":"https:\/\/sana.sy\/es\/?p=337265"},"modified":"2024-09-03T12:27:55","modified_gmt":"2024-09-03T09:27:55","slug":"muertos-y-heridos-en-nueva-jornada-de-agresiones-israelies-en-gaza","status":"publish","type":"post","link":"https:\/\/archive.sana.sy\/es\/?p=337265","title":{"rendered":"Muertos y heridos en nueva jornada de agresiones israel\u00edes en Gaza"},"content":{"rendered":"<p style=\"text-align: justify;\"><span style=\"color: #800000;\"><strong>Jerusal\u00e9n ocupada, 3 sep (SANA)<\/strong> <\/span>Varios palestinos perdieron la vida y otros resultaron heridos en bombardeos del ocupante israel\u00ed en varias zonas de la Franja de Gaza.<\/p>\n<p style=\"text-align: justify;\">La agencia palestina Wafa inform\u00f3 que un avi\u00f3n de combate israel\u00ed bombarde\u00f3 una tienda de campa\u00f1a que albergaba a personas desplazadas en Khan Yunis, al sur del enclave costero, dejando dos muertos y varios heridos.<\/p>\n<p style=\"text-align: justify;\">Otro bombardeo a\u00e9reo afect\u00f3 a viviendas en el campamento de Bureij y Nuseirat en el centro de Gaza.<\/p>\n<p style=\"text-align: justify;\">Asimismo, el ocupante hizo estallar edificios residenciales al sur del barrio de Al-Zaitoun en la ciudad de Gaza, y su artiller\u00eda atac\u00f3 las playas al noroeste de la ciudad.<\/p>\n<p style=\"text-align: justify;\">El Ministerio de Salud palestino anunci\u00f3 ayer que el n\u00famero de v\u00edctimas durante 333 d\u00edas de agresi\u00f3n israel\u00ed en Gaza aument\u00f3 a 40.738 muertos y 94.154 heridos.<\/p>\n<p style=\"text-align: justify;\">fm\/as<\/p>\n","protected":false},"excerpt":{"rendered":"<p>Jerusal\u00e9n ocupada, 3 sep (SANA) Varios palestinos perdieron la vida y otros resultaron heridos en bombardeos del ocupante israel\u00ed en varias zonas de la Franja de Gaza. La agencia palestina Wafa inform\u00f3 que un avi\u00f3n de combate israel\u00ed bombarde\u00f3 una tienda de campa\u00f1a que albergaba a personas desplazadas en Khan Yunis, al sur del enclave &hellip;<\/p>\n","protected":false},"author":42,"featured_media":337266,"comment_status":"closed","ping_status":"closed","sticky":false,"template":"","format":"standard","meta":{"footnotes":""},"categories":[597,456,16687,20724,7541],"tags":[],"class_list":["post-337265","post","type-post","status-publish","format-standard","has-post-thumbnail","","category-cinta-de-noticias","category-arabe-internacional-politica","category-internacionales","category-minuto-a-minuto","category-ultimas-noticias"],"_links":{"self":[{"href":"https:\/\/archive.sana.sy\/es\/index.php?rest_route=\/wp\/v2\/posts\/337265"}],"collection":[{"href":"https:\/\/archive.sana.sy\/es\/index.php?rest_route=\/wp\/v2\/posts"}],"about":[{"href":"https:\/\/archive.sana.sy\/es\/index.php?rest_route=\/wp\/v2\/types\/post"}],"author":[{"embeddable":true,"href":"https:\/\/archive.sana.sy\/es\/index.php?rest_route=\/wp\/v2\/users\/42"}],"replies":[{"embeddable":true,"href":"https:\/\/archive.sana.sy\/es\/index.php?rest_route=%2Fwp%2Fv2%2Fcomments&post=337265"}],"version-history":[{"count":1,"href":"https:\/\/archive.sana.sy\/es\/index.php?rest_route=\/wp\/v2\/posts\/337265\/revisions"}],"predecessor-version":[{"id":337267,"href":"https:\/\/archive.sana.sy\/es\/index.php?rest_route=\/wp\/v2\/posts\/337265\/revisions\/337267"}],"wp:featuredmedia":[{"embeddable":true,"href":"https:\/\/archive.sana.sy\/es\/index.php?rest_route=\/wp\/v2\/media\/337266"}],"wp:attachment":[{"href":"https:\/\/archive.sana.sy\/es\/index.php?rest_route=%2Fwp%2Fv2%2Fmedia&parent=337265"}],"wp:term":[{"taxonomy":"category","embeddable":true,"href":"https:\/\/archive.sana.sy\/es\/index.php?rest_route=%2Fwp%2Fv2%2Fcategories&post=337265"},{"taxonomy":"post_tag","embeddable":true,"href":"https:\/\/archive.sana.sy\/es\/index.php?rest_route=%2Fwp%2Fv2%2Ftags&post=337265"}],"curies":[{"name":"wp","href":"https:\/\/api.w.org\/{rel}","templated":true}]}}