{"id":337268,"date":"2024-09-03T12:47:35","date_gmt":"2024-09-03T09:47:35","guid":{"rendered":"https:\/\/sana.sy\/es\/?p=337268"},"modified":"2024-09-03T12:48:52","modified_gmt":"2024-09-03T09:48:52","slug":"alcanzo-una-iglesia-y-una-instalacion-social-nuevo-ataque-ucraniano-con-drones-contra-rusia-fotos","status":"publish","type":"post","link":"https:\/\/archive.sana.sy\/es\/?p=337268","title":{"rendered":"Alcanz\u00f3 una iglesia y una instalaci\u00f3n social; nuevo ataque ucraniano con drones contra Rusia (+ fotos)"},"content":{"rendered":"<p><span style=\"color: #800000;\"><strong>Mosc\u00fa, 3 sep (SANA)<\/strong> <\/span>Un dron ucraniano atac\u00f3 una instalaci\u00f3n social y la iglesia de San Nicol\u00e1s en la localidad de Gr\u00fazskoye en la regi\u00f3n rusa de B\u00e9lgorod.<\/p>\n<p>De acuerdo con el gobernador, Viacheslav Gladkov, como consecuencia de la explosi\u00f3n, la c\u00fapula del templo se incendi\u00f3.<img loading=\"lazy\" decoding=\"async\" class=\"size-medium wp-image-337272 alignright\" src=\"http:\/\/sana.sy\/es\/wp-content\/uploads\/2024\/09\/photo_2024-09-03_12-37-06-2-1-300x150.jpg\" alt=\"\" width=\"300\" height=\"150\" srcset=\"https:\/\/archive.sana.sy\/es\/wp-content\/uploads\/2024\/09\/photo_2024-09-03_12-37-06-2-1-300x150.jpg 300w, https:\/\/archive.sana.sy\/es\/wp-content\/uploads\/2024\/09\/photo_2024-09-03_12-37-06-2-1-150x75.jpg 150w, https:\/\/archive.sana.sy\/es\/wp-content\/uploads\/2024\/09\/photo_2024-09-03_12-37-06-2-1.jpg 600w\" sizes=\"(max-width: 300px) 100vw, 300px\" \/><\/p>\n<p>Agreg\u00f3 que en Sheb\u00e9kino, un avi\u00f3n no tripulado alcanz\u00f3 un comercio mientras en la localidad de Rzhevka, otro dron atac\u00f3 el territorio de una empresa y dos autom\u00f3viles resultaron da\u00f1ados.<\/p>\n<p>La v\u00edspera, los sistemas de defensa a\u00e9rea rusos derribaron dos drones ucranianos sobre el Mar Negro y en la regi\u00f3n de B\u00e9lgorod, en el suroeste del pa\u00eds.<\/p>\n<p>Mientras el pasado domingo, el Ministerio de Defensa de Rusia inform\u00f3 que alrededor de 160 veh\u00edculos a\u00e9reos no tripulados ucranianos fueron interceptados en varias regiones de la parte europea de Rusia.<\/p>\n<p>fm\/as<\/p>\n","protected":false},"excerpt":{"rendered":"<p>Mosc\u00fa, 3 sep (SANA) Un dron ucraniano atac\u00f3 una instalaci\u00f3n social y la iglesia de San Nicol\u00e1s en la localidad de Gr\u00fazskoye en la regi\u00f3n rusa de B\u00e9lgorod. De acuerdo con el gobernador, Viacheslav Gladkov, como consecuencia de la explosi\u00f3n, la c\u00fapula del templo se incendi\u00f3. Agreg\u00f3 que en Sheb\u00e9kino, un avi\u00f3n no tripulado alcanz\u00f3 &hellip;<\/p>\n","protected":false},"author":42,"featured_media":337269,"comment_status":"closed","ping_status":"closed","sticky":false,"template":"","format":"standard","meta":{"footnotes":""},"categories":[597,456,16687,20724,7541],"tags":[],"class_list":["post-337268","post","type-post","status-publish","format-standard","has-post-thumbnail","","category-cinta-de-noticias","category-arabe-internacional-politica","category-internacionales","category-minuto-a-minuto","category-ultimas-noticias"],"_links":{"self":[{"href":"https:\/\/archive.sana.sy\/es\/index.php?rest_route=\/wp\/v2\/posts\/337268"}],"collection":[{"href":"https:\/\/archive.sana.sy\/es\/index.php?rest_route=\/wp\/v2\/posts"}],"about":[{"href":"https:\/\/archive.sana.sy\/es\/index.php?rest_route=\/wp\/v2\/types\/post"}],"author":[{"embeddable":true,"href":"https:\/\/archive.sana.sy\/es\/index.php?rest_route=\/wp\/v2\/users\/42"}],"replies":[{"embeddable":true,"href":"https:\/\/archive.sana.sy\/es\/index.php?rest_route=%2Fwp%2Fv2%2Fcomments&post=337268"}],"version-history":[{"count":2,"href":"https:\/\/archive.sana.sy\/es\/index.php?rest_route=\/wp\/v2\/posts\/337268\/revisions"}],"predecessor-version":[{"id":337273,"href":"https:\/\/archive.sana.sy\/es\/index.php?rest_route=\/wp\/v2\/posts\/337268\/revisions\/337273"}],"wp:featuredmedia":[{"embeddable":true,"href":"https:\/\/archive.sana.sy\/es\/index.php?rest_route=\/wp\/v2\/media\/337269"}],"wp:attachment":[{"href":"https:\/\/archive.sana.sy\/es\/index.php?rest_route=%2Fwp%2Fv2%2Fmedia&parent=337268"}],"wp:term":[{"taxonomy":"category","embeddable":true,"href":"https:\/\/archive.sana.sy\/es\/index.php?rest_route=%2Fwp%2Fv2%2Fcategories&post=337268"},{"taxonomy":"post_tag","embeddable":true,"href":"https:\/\/archive.sana.sy\/es\/index.php?rest_route=%2Fwp%2Fv2%2Ftags&post=337268"}],"curies":[{"name":"wp","href":"https:\/\/api.w.org\/{rel}","templated":true}]}}