{"id":337299,"date":"2024-09-03T17:41:43","date_gmt":"2024-09-03T14:41:43","guid":{"rendered":"https:\/\/sana.sy\/es\/?p=337299"},"modified":"2024-09-03T18:04:17","modified_gmt":"2024-09-03T15:04:17","slug":"las-agresiones-israelies-contra-siria-es-un-servicio-a-los-terroristas-confirma-khaji","status":"publish","type":"post","link":"https:\/\/archive.sana.sy\/es\/?p=337299","title":{"rendered":"Las agresiones israel\u00edes contra Siria son un servicio a los terroristas, confirma Khaji"},"content":{"rendered":"<p style=\"text-align: justify\"><span style=\"color: #800000\"><strong>Teher\u00e1n, 03 sep (SANA)<\/strong> <\/span>El asesor del Ministro de Asuntos Exteriores iran\u00ed para Asuntos Pol\u00edticos Especiales, Ali Asghar Khaji, confirm\u00f3 que las continuas agresiones israel\u00edes contra Siria tienen como objetivo brindar apoyo a los terroristas que operan en la naci\u00f3n \u00e1rabe.<\/p>\n<p style=\"text-align: justify\">El alto funcionario iran\u00ed hizo estas declaraciones durante una videoconferencia con el enviado especial del Secretario General de las Naciones Unidas a Siria, Geir Pedersen.<\/p>\n<p style=\"text-align: justify\">Khaji y Pedersen abordaron los \u00faltimos acontecimientos en Siria, as\u00ed como los temas relacionados con la lucha contra el terrorismo, la expansi\u00f3n de los ataques israel\u00edes, y la crisis humanitaria en el territorio sirio.<\/p>\n<p style=\"text-align: justify\">Tambi\u00e9n hicieron hincapi\u00e9 en la necesidad de seguir con el proceso pol\u00edtico en Siria para resolver su crisis.<\/p>\n<p style=\"text-align: justify\">En este contexto, Pedersen present\u00f3 un informe sobre las \u00faltimas reuniones que celebr\u00f3 para impulsar la soluci\u00f3n pol\u00edtica de la crisis en Siria.<\/p>\n<p>la<\/p>\n","protected":false},"excerpt":{"rendered":"<p>Teher\u00e1n, 03 sep (SANA) El asesor del Ministro de Asuntos Exteriores iran\u00ed para Asuntos Pol\u00edticos Especiales, Ali Asghar Khaji, confirm\u00f3 que las continuas agresiones israel\u00edes contra Siria tienen como objetivo brindar apoyo a los terroristas que operan en la naci\u00f3n \u00e1rabe. El alto funcionario iran\u00ed hizo estas declaraciones durante una videoconferencia con el enviado especial &hellip;<\/p>\n","protected":false},"author":24,"featured_media":337300,"comment_status":"closed","ping_status":"closed","sticky":false,"template":"","format":"standard","meta":{"footnotes":""},"categories":[597,456,20724,7541],"tags":[],"class_list":["post-337299","post","type-post","status-publish","format-standard","has-post-thumbnail","","category-cinta-de-noticias","category-arabe-internacional-politica","category-minuto-a-minuto","category-ultimas-noticias"],"_links":{"self":[{"href":"https:\/\/archive.sana.sy\/es\/index.php?rest_route=\/wp\/v2\/posts\/337299"}],"collection":[{"href":"https:\/\/archive.sana.sy\/es\/index.php?rest_route=\/wp\/v2\/posts"}],"about":[{"href":"https:\/\/archive.sana.sy\/es\/index.php?rest_route=\/wp\/v2\/types\/post"}],"author":[{"embeddable":true,"href":"https:\/\/archive.sana.sy\/es\/index.php?rest_route=\/wp\/v2\/users\/24"}],"replies":[{"embeddable":true,"href":"https:\/\/archive.sana.sy\/es\/index.php?rest_route=%2Fwp%2Fv2%2Fcomments&post=337299"}],"version-history":[{"count":5,"href":"https:\/\/archive.sana.sy\/es\/index.php?rest_route=\/wp\/v2\/posts\/337299\/revisions"}],"predecessor-version":[{"id":337305,"href":"https:\/\/archive.sana.sy\/es\/index.php?rest_route=\/wp\/v2\/posts\/337299\/revisions\/337305"}],"wp:featuredmedia":[{"embeddable":true,"href":"https:\/\/archive.sana.sy\/es\/index.php?rest_route=\/wp\/v2\/media\/337300"}],"wp:attachment":[{"href":"https:\/\/archive.sana.sy\/es\/index.php?rest_route=%2Fwp%2Fv2%2Fmedia&parent=337299"}],"wp:term":[{"taxonomy":"category","embeddable":true,"href":"https:\/\/archive.sana.sy\/es\/index.php?rest_route=%2Fwp%2Fv2%2Fcategories&post=337299"},{"taxonomy":"post_tag","embeddable":true,"href":"https:\/\/archive.sana.sy\/es\/index.php?rest_route=%2Fwp%2Fv2%2Ftags&post=337299"}],"curies":[{"name":"wp","href":"https:\/\/api.w.org\/{rel}","templated":true}]}}