{"id":33730,"date":"2015-11-18T12:17:48","date_gmt":"2015-11-18T10:17:48","guid":{"rendered":"http:\/\/www.sana.sy\/es\/?p=33730"},"modified":"2015-11-18T15:11:55","modified_gmt":"2015-11-18T13:11:55","slug":"medvedev-rusia-ganara-la-batalla-contra-el-terrorismo","status":"publish","type":"post","link":"https:\/\/archive.sana.sy\/es\/?p=33730","title":{"rendered":"Medv\u00e9dev: Rusia ganar\u00e1 la batalla contra el terrorismo"},"content":{"rendered":"<p><span style=\"color: #800000\">Manila, SANA<\/span><\/p>\n<p>El primer ministro ruso, Dmitri Medv\u00e9dev, dijo que el atentado contra el avi\u00f3n ruso en Egipto y la serie de ataques terroristas en Par\u00eds se han convertido en una gran p\u00e9rdida, lo que indica que el terrorismo ha declarado una guerra contra todo el mundo civilizado.<\/p>\n<p>Medv\u00e9dev declar\u00f3 a los periodistas a su llegada a Manila, donde participar\u00e1 en la cumbre de la APEC, que la amenaza del terrorismo es global y es absolutamente real, lo que requiere uni\u00f3n de los esfuerzos en la lucha contra el terrorismo.<\/p>\n<p>El primer ministro ruso agreg\u00f3 que su pa\u00eds seguir\u00e1 luchando a solas contra el terrorismo y va a ganar esta batalla.<\/p>\n<p>Fady M.<\/p>\n","protected":false},"excerpt":{"rendered":"<p>Manila, SANA El primer ministro ruso, Dmitri Medv\u00e9dev, dijo que el atentado contra el avi\u00f3n ruso en Egipto y la serie de ataques terroristas en Par\u00eds se han convertido en una gran p\u00e9rdida, lo que indica que el terrorismo ha declarado una guerra contra todo el mundo civilizado. Medv\u00e9dev declar\u00f3 a los periodistas a su &hellip;<\/p>\n","protected":false},"author":24,"featured_media":33731,"comment_status":"closed","ping_status":"closed","sticky":false,"template":"","format":"standard","meta":{"footnotes":""},"categories":[456,457,576],"tags":[],"class_list":["post-33730","post","type-post","status-publish","format-standard","has-post-thumbnail","","category-arabe-internacional-politica","category-noticias-arabe-internacional-politica","category-noticias-politicas"],"_links":{"self":[{"href":"https:\/\/archive.sana.sy\/es\/index.php?rest_route=\/wp\/v2\/posts\/33730"}],"collection":[{"href":"https:\/\/archive.sana.sy\/es\/index.php?rest_route=\/wp\/v2\/posts"}],"about":[{"href":"https:\/\/archive.sana.sy\/es\/index.php?rest_route=\/wp\/v2\/types\/post"}],"author":[{"embeddable":true,"href":"https:\/\/archive.sana.sy\/es\/index.php?rest_route=\/wp\/v2\/users\/24"}],"replies":[{"embeddable":true,"href":"https:\/\/archive.sana.sy\/es\/index.php?rest_route=%2Fwp%2Fv2%2Fcomments&post=33730"}],"version-history":[{"count":0,"href":"https:\/\/archive.sana.sy\/es\/index.php?rest_route=\/wp\/v2\/posts\/33730\/revisions"}],"wp:featuredmedia":[{"embeddable":true,"href":"https:\/\/archive.sana.sy\/es\/index.php?rest_route=\/wp\/v2\/media\/33731"}],"wp:attachment":[{"href":"https:\/\/archive.sana.sy\/es\/index.php?rest_route=%2Fwp%2Fv2%2Fmedia&parent=33730"}],"wp:term":[{"taxonomy":"category","embeddable":true,"href":"https:\/\/archive.sana.sy\/es\/index.php?rest_route=%2Fwp%2Fv2%2Fcategories&post=33730"},{"taxonomy":"post_tag","embeddable":true,"href":"https:\/\/archive.sana.sy\/es\/index.php?rest_route=%2Fwp%2Fv2%2Ftags&post=33730"}],"curies":[{"name":"wp","href":"https:\/\/api.w.org\/{rel}","templated":true}]}}