{"id":337306,"date":"2024-09-03T18:19:57","date_gmt":"2024-09-03T15:19:57","guid":{"rendered":"https:\/\/sana.sy\/es\/?p=337306"},"modified":"2024-09-03T18:19:57","modified_gmt":"2024-09-03T15:19:57","slug":"israel-mato-a-40-819-palestinos-desde-el-inicio-de-la-guerra-de-exterminio-contra-gaza","status":"publish","type":"post","link":"https:\/\/archive.sana.sy\/es\/?p=337306","title":{"rendered":"&#8220;Israel&#8221; mat\u00f3 a 40.819 palestinos desde el inicio de la guerra de exterminio contra Gaza"},"content":{"rendered":"<p style=\"text-align: justify\"><span style=\"color: #800000\"><strong>Jerusal\u00e9n ocupada, 03 sep (SANA)<\/strong> <\/span>El Ministerio de Salud palestino anunci\u00f3 que durante las \u00faltimas 24 horas, el ocupante israel\u00ed cometi\u00f3 tres masacres en la Franja de Gaza, las cuales provocaron 33 m\u00e1rtires y 67 heridos.<\/p>\n<p style=\"text-align: justify\">En una declaraci\u00f3n emitida esta tarde, el Ministerio anunci\u00f3 que el saldo de v\u00edctimas de la continua agresi\u00f3n israel\u00ed contra en el enclave ha aumentado a 40.819 m\u00e1rtires y 94.291 heridos.<\/p>\n<p style=\"text-align: justify\">\u00a0Esta cifra no incluye el n\u00famero de m\u00e1rtires que a\u00fan se encuentran bajo los escombros o en las carreteras, se\u00f1al\u00f3.<\/p>\n<p style=\"text-align: justify\">Este martes, la aviaci\u00f3n israel\u00ed bombarde\u00f3 varias zona de Gaza dejando al menos 10 m\u00e1rtires y decenas de heridos.<\/p>\n<p style=\"text-align: justify\">El Ministerio de Salud inform\u00f3 tambi\u00e9n que 682 palestinos cayeron m\u00e1rtires y 5.700 resultaron \u00a0lesionados en Cisjordania desde que el inicio de la guerra genocida que ha lanzado \u201cIsrael\u201d contra Gaza el 7 de octubre pasado.<\/p>\n<p style=\"text-align: justify\">la<\/p>\n","protected":false},"excerpt":{"rendered":"<p>Jerusal\u00e9n ocupada, 03 sep (SANA) El Ministerio de Salud palestino anunci\u00f3 que durante las \u00faltimas 24 horas, el ocupante israel\u00ed cometi\u00f3 tres masacres en la Franja de Gaza, las cuales provocaron 33 m\u00e1rtires y 67 heridos. En una declaraci\u00f3n emitida esta tarde, el Ministerio anunci\u00f3 que el saldo de v\u00edctimas de la continua agresi\u00f3n israel\u00ed &hellip;<\/p>\n","protected":false},"author":24,"featured_media":337307,"comment_status":"closed","ping_status":"closed","sticky":false,"template":"","format":"standard","meta":{"footnotes":""},"categories":[597,456,20724,7541],"tags":[],"class_list":["post-337306","post","type-post","status-publish","format-standard","has-post-thumbnail","","category-cinta-de-noticias","category-arabe-internacional-politica","category-minuto-a-minuto","category-ultimas-noticias"],"_links":{"self":[{"href":"https:\/\/archive.sana.sy\/es\/index.php?rest_route=\/wp\/v2\/posts\/337306"}],"collection":[{"href":"https:\/\/archive.sana.sy\/es\/index.php?rest_route=\/wp\/v2\/posts"}],"about":[{"href":"https:\/\/archive.sana.sy\/es\/index.php?rest_route=\/wp\/v2\/types\/post"}],"author":[{"embeddable":true,"href":"https:\/\/archive.sana.sy\/es\/index.php?rest_route=\/wp\/v2\/users\/24"}],"replies":[{"embeddable":true,"href":"https:\/\/archive.sana.sy\/es\/index.php?rest_route=%2Fwp%2Fv2%2Fcomments&post=337306"}],"version-history":[{"count":1,"href":"https:\/\/archive.sana.sy\/es\/index.php?rest_route=\/wp\/v2\/posts\/337306\/revisions"}],"predecessor-version":[{"id":337308,"href":"https:\/\/archive.sana.sy\/es\/index.php?rest_route=\/wp\/v2\/posts\/337306\/revisions\/337308"}],"wp:featuredmedia":[{"embeddable":true,"href":"https:\/\/archive.sana.sy\/es\/index.php?rest_route=\/wp\/v2\/media\/337307"}],"wp:attachment":[{"href":"https:\/\/archive.sana.sy\/es\/index.php?rest_route=%2Fwp%2Fv2%2Fmedia&parent=337306"}],"wp:term":[{"taxonomy":"category","embeddable":true,"href":"https:\/\/archive.sana.sy\/es\/index.php?rest_route=%2Fwp%2Fv2%2Fcategories&post=337306"},{"taxonomy":"post_tag","embeddable":true,"href":"https:\/\/archive.sana.sy\/es\/index.php?rest_route=%2Fwp%2Fv2%2Ftags&post=337306"}],"curies":[{"name":"wp","href":"https:\/\/api.w.org\/{rel}","templated":true}]}}