{"id":33733,"date":"2015-11-18T12:28:42","date_gmt":"2015-11-18T10:28:42","guid":{"rendered":"http:\/\/www.sana.sy\/es\/?p=33733"},"modified":"2015-11-18T15:10:30","modified_gmt":"2015-11-18T13:10:30","slug":"naciones-unidas-exige-a-israel-que-cumpla-las-resoluciones-internacionales-sobre-el-golan-sirio-ocupado","status":"publish","type":"post","link":"https:\/\/archive.sana.sy\/es\/?p=33733","title":{"rendered":"Naciones Unidas exige a &#8220;Israel&#8221; que cumpla las resoluciones internacionales sobre el Gol\u00e1n sirio ocupado"},"content":{"rendered":"<p><span style=\"color: #800000\">Nueva York, SANA<\/span><\/p>\n<p>La Organizaci\u00f3n de las Naciones Unidas (ONU) reiter\u00f3 su demanda a &#8220;Israel&#8221; para que cumpla con las resoluciones de la legitimidad internacional, particularmente la resoluci\u00f3n No. 497 relativa al Gol\u00e1n sirio ocupado y que considera como nulas y sin efecto a las medidas israel\u00edes contra los golaneses.<\/p>\n<p>Eso se produjo durante una reuni\u00f3n de la Comisi\u00f3n de Cuestiones Pol\u00edticas Especiales y de Descolonizaci\u00f3n (Cuarta Comisi\u00f3n), en la que la Asamblea General aprob\u00f3 el proyecto de resoluci\u00f3n titulado &#8220;el Gol\u00e1n sirio ocupado&#8221;.<\/p>\n<p>La resoluci\u00f3n se gan\u00f3 el apoyo de la inmensa mayor\u00eda de las delegaciones de los estados miembros, teniendo en cuenta que 35 pa\u00edses han contribuido a la presentaci\u00f3n del proyecto de resoluci\u00f3n lo que confirma el gran apoyo internacional a la recuperaci\u00f3n de la totalidad Gol\u00e1n ocupado hasta la l\u00ednea del 4 de junio de 1967.<\/p>\n<p>La resoluci\u00f3n exige a &#8220;Israel&#8221; que revocase su decisi\u00f3n de anexar el Gol\u00e1n y considera que todas las medidas y procedimientos legislativos y administrativos que ha adoptado o pueda adoptar con el fin de cambiar el car\u00e1cter de la situaci\u00f3n del Gol\u00e1n, como nulas y sin valor, y constituyen una violaci\u00f3n flagrante del derecho internacional y del Convenio de Ginebra relativo a la protecci\u00f3n de civiles en tiempo de guerra.<\/p>\n<p>La resoluci\u00f3n tambi\u00e9n pidi\u00f3 a &#8220;Israel&#8221; a que desista de imponer la nacionalidad israel\u00ed y las tarjetas de identidad israel\u00edes a los ciudadanos sirios, y denuncia las violaciones israel\u00edes a la Convenci\u00f3n de Ginebra relativa a la protecci\u00f3n de personas civiles en tiempo de guerra.<\/p>\n<p>Fady M., Lynn A.<\/p>\n","protected":false},"excerpt":{"rendered":"<p>Nueva York, SANA La Organizaci\u00f3n de las Naciones Unidas (ONU) reiter\u00f3 su demanda a &#8220;Israel&#8221; para que cumpla con las resoluciones de la legitimidad internacional, particularmente la resoluci\u00f3n No. 497 relativa al Gol\u00e1n sirio ocupado y que considera como nulas y sin efecto a las medidas israel\u00edes contra los golaneses. Eso se produjo durante una &hellip;<\/p>\n","protected":false},"author":24,"featured_media":33734,"comment_status":"closed","ping_status":"closed","sticky":false,"template":"","format":"standard","meta":{"footnotes":""},"categories":[456,457,576],"tags":[],"class_list":["post-33733","post","type-post","status-publish","format-standard","has-post-thumbnail","","category-arabe-internacional-politica","category-noticias-arabe-internacional-politica","category-noticias-politicas"],"_links":{"self":[{"href":"https:\/\/archive.sana.sy\/es\/index.php?rest_route=\/wp\/v2\/posts\/33733"}],"collection":[{"href":"https:\/\/archive.sana.sy\/es\/index.php?rest_route=\/wp\/v2\/posts"}],"about":[{"href":"https:\/\/archive.sana.sy\/es\/index.php?rest_route=\/wp\/v2\/types\/post"}],"author":[{"embeddable":true,"href":"https:\/\/archive.sana.sy\/es\/index.php?rest_route=\/wp\/v2\/users\/24"}],"replies":[{"embeddable":true,"href":"https:\/\/archive.sana.sy\/es\/index.php?rest_route=%2Fwp%2Fv2%2Fcomments&post=33733"}],"version-history":[{"count":0,"href":"https:\/\/archive.sana.sy\/es\/index.php?rest_route=\/wp\/v2\/posts\/33733\/revisions"}],"wp:featuredmedia":[{"embeddable":true,"href":"https:\/\/archive.sana.sy\/es\/index.php?rest_route=\/wp\/v2\/media\/33734"}],"wp:attachment":[{"href":"https:\/\/archive.sana.sy\/es\/index.php?rest_route=%2Fwp%2Fv2%2Fmedia&parent=33733"}],"wp:term":[{"taxonomy":"category","embeddable":true,"href":"https:\/\/archive.sana.sy\/es\/index.php?rest_route=%2Fwp%2Fv2%2Fcategories&post=33733"},{"taxonomy":"post_tag","embeddable":true,"href":"https:\/\/archive.sana.sy\/es\/index.php?rest_route=%2Fwp%2Fv2%2Ftags&post=33733"}],"curies":[{"name":"wp","href":"https:\/\/api.w.org\/{rel}","templated":true}]}}