{"id":337351,"date":"2024-09-04T17:00:32","date_gmt":"2024-09-04T14:00:32","guid":{"rendered":"https:\/\/sana.sy\/es\/?p=337351"},"modified":"2024-09-04T20:04:50","modified_gmt":"2024-09-04T17:04:50","slug":"atacan-con-bomba-la-comitiva-del-gobernador-de-deraa-en-el-sur-de-siria","status":"publish","type":"post","link":"https:\/\/archive.sana.sy\/es\/?p=337351","title":{"rendered":"Atacan con bomba la comitiva del gobernador de Deraa, en el sur de Siria"},"content":{"rendered":"<p style=\"text-align: justify\"><span style=\"color: #800000\"><strong>Deraa, 4 sep (SANA)<\/strong><\/span> La Polic\u00eda de la provincia sure\u00f1a de Deraa inform\u00f3 hoy a SANA que la comitiva del gobernador y del secretario del Partido Baath \u00c1rabe Socialista en la gobernaci\u00f3n, fue atacada con una bomba, colocada y detonada por grupos armados.<\/p>\n<p style=\"text-align: justify\">Los funcionarios estaban en camino de regreso a la cabecera provincial tras una gira de trabajo en el campo oriental de la provincia.<\/p>\n<p>Seg\u00fan un comunicado del Ministerio del Interior, el ataque caus\u00f3 heridas de car\u00e1cter leve a seis personas que fueron ingresadas en el Hospital Nacional de Deraa para recibir el tratamiento necesario.<\/p>\n<p>&nbsp;<\/p>\n<p>fm\/la<\/p>\n<p>&nbsp;<\/p>\n","protected":false},"excerpt":{"rendered":"<p>Deraa, 4 sep (SANA) La Polic\u00eda de la provincia sure\u00f1a de Deraa inform\u00f3 hoy a SANA que la comitiva del gobernador y del secretario del Partido Baath \u00c1rabe Socialista en la gobernaci\u00f3n, fue atacada con una bomba, colocada y detonada por grupos armados. Los funcionarios estaban en camino de regreso a la cabecera provincial tras &hellip;<\/p>\n","protected":false},"author":24,"featured_media":337352,"comment_status":"closed","ping_status":"closed","sticky":false,"template":"","format":"standard","meta":{"footnotes":""},"categories":[447,597,20724,476,448,583],"tags":[],"class_list":["post-337351","post","type-post","status-publish","format-standard","has-post-thumbnail","","category-local-politica","category-cinta-de-noticias","category-minuto-a-minuto","category-locales","category-noticias","category-slide"],"_links":{"self":[{"href":"https:\/\/archive.sana.sy\/es\/index.php?rest_route=\/wp\/v2\/posts\/337351"}],"collection":[{"href":"https:\/\/archive.sana.sy\/es\/index.php?rest_route=\/wp\/v2\/posts"}],"about":[{"href":"https:\/\/archive.sana.sy\/es\/index.php?rest_route=\/wp\/v2\/types\/post"}],"author":[{"embeddable":true,"href":"https:\/\/archive.sana.sy\/es\/index.php?rest_route=\/wp\/v2\/users\/24"}],"replies":[{"embeddable":true,"href":"https:\/\/archive.sana.sy\/es\/index.php?rest_route=%2Fwp%2Fv2%2Fcomments&post=337351"}],"version-history":[{"count":3,"href":"https:\/\/archive.sana.sy\/es\/index.php?rest_route=\/wp\/v2\/posts\/337351\/revisions"}],"predecessor-version":[{"id":337355,"href":"https:\/\/archive.sana.sy\/es\/index.php?rest_route=\/wp\/v2\/posts\/337351\/revisions\/337355"}],"wp:featuredmedia":[{"embeddable":true,"href":"https:\/\/archive.sana.sy\/es\/index.php?rest_route=\/wp\/v2\/media\/337352"}],"wp:attachment":[{"href":"https:\/\/archive.sana.sy\/es\/index.php?rest_route=%2Fwp%2Fv2%2Fmedia&parent=337351"}],"wp:term":[{"taxonomy":"category","embeddable":true,"href":"https:\/\/archive.sana.sy\/es\/index.php?rest_route=%2Fwp%2Fv2%2Fcategories&post=337351"},{"taxonomy":"post_tag","embeddable":true,"href":"https:\/\/archive.sana.sy\/es\/index.php?rest_route=%2Fwp%2Fv2%2Ftags&post=337351"}],"curies":[{"name":"wp","href":"https:\/\/api.w.org\/{rel}","templated":true}]}}