{"id":337356,"date":"2024-09-04T18:55:11","date_gmt":"2024-09-04T15:55:11","guid":{"rendered":"https:\/\/sana.sy\/es\/?p=337356"},"modified":"2024-09-04T18:55:11","modified_gmt":"2024-09-04T15:55:11","slug":"kiev-utiliza-drones-configurados-en-reino-unido-para-atacar-territorio-ruso-denuncia-zajarova","status":"publish","type":"post","link":"https:\/\/archive.sana.sy\/es\/?p=337356","title":{"rendered":"Kiev utiliza drones configurados en Reino Unido para atacar territorio ruso, denuncia Zaj\u00e1rova"},"content":{"rendered":"<p style=\"text-align: justify\"><span style=\"color: #800000\"><strong>Mosc\u00fa, 4 sep (SANA)<\/strong><\/span> La portavoz del Ministerio de Asuntos Exteriores de Rusia, Mar\u00eda Zaj\u00e1rova, revel\u00f3 que el r\u00e9gimen de Kiev utiliza drones configurados en el Reino Unido para llevar a cabo ataques dentro de Rusia.<\/p>\n<p style=\"text-align: justify\">Seg\u00fan la vocera, estos drones fueron ensamblados en el distrito de Vyshgorod de la regi\u00f3n de Kiev y fueron lanzados cerca de Slavyansk, en la parte de la RPD controlada por Kiev.<\/p>\n<p style=\"text-align: justify\">\u201cEl patrocinio y la participaci\u00f3n de facto de Gran Breta\u00f1a en las preparaciones de ataques contra la infraestructura y poblaci\u00f3n civiles de nuestro pa\u00eds hacen que Londres sea totalmente responsable del continuo derramamiento de sangre, al igual que sus t\u00edteres de Kiev\u201d, fustig\u00f3.<\/p>\n<p style=\"text-align: justify\">Record\u00f3 que el 6 de mayo, la Canciller\u00eda rusa advirti\u00f3 que en respuesta a los ataques llevados a cabo por el r\u00e9gimen de Zelenski contra el territorio ruso con armas de fabricaci\u00f3n brit\u00e1nica, \u201cRusia se reserva el derecho de atacar cualquier instalaci\u00f3n y veh\u00edculo militar brit\u00e1nico en Ucrania y m\u00e1s all\u00e1.<\/p>\n<p style=\"text-align: justify\">Exigi\u00f3 al Reino Unido que dejara de apoyar el r\u00e9gimen inhumano de Zelenski, as\u00ed como cualquier acci\u00f3n que conduzca a una mayor escalada.<\/p>\n<p style=\"text-align: justify\">la<\/p>\n","protected":false},"excerpt":{"rendered":"<p>Mosc\u00fa, 4 sep (SANA) La portavoz del Ministerio de Asuntos Exteriores de Rusia, Mar\u00eda Zaj\u00e1rova, revel\u00f3 que el r\u00e9gimen de Kiev utiliza drones configurados en el Reino Unido para llevar a cabo ataques dentro de Rusia. Seg\u00fan la vocera, estos drones fueron ensamblados en el distrito de Vyshgorod de la regi\u00f3n de Kiev y fueron &hellip;<\/p>\n","protected":false},"author":24,"featured_media":337357,"comment_status":"closed","ping_status":"closed","sticky":false,"template":"","format":"standard","meta":{"footnotes":""},"categories":[597,456,20724,7541],"tags":[],"class_list":["post-337356","post","type-post","status-publish","format-standard","has-post-thumbnail","","category-cinta-de-noticias","category-arabe-internacional-politica","category-minuto-a-minuto","category-ultimas-noticias"],"_links":{"self":[{"href":"https:\/\/archive.sana.sy\/es\/index.php?rest_route=\/wp\/v2\/posts\/337356"}],"collection":[{"href":"https:\/\/archive.sana.sy\/es\/index.php?rest_route=\/wp\/v2\/posts"}],"about":[{"href":"https:\/\/archive.sana.sy\/es\/index.php?rest_route=\/wp\/v2\/types\/post"}],"author":[{"embeddable":true,"href":"https:\/\/archive.sana.sy\/es\/index.php?rest_route=\/wp\/v2\/users\/24"}],"replies":[{"embeddable":true,"href":"https:\/\/archive.sana.sy\/es\/index.php?rest_route=%2Fwp%2Fv2%2Fcomments&post=337356"}],"version-history":[{"count":1,"href":"https:\/\/archive.sana.sy\/es\/index.php?rest_route=\/wp\/v2\/posts\/337356\/revisions"}],"predecessor-version":[{"id":337358,"href":"https:\/\/archive.sana.sy\/es\/index.php?rest_route=\/wp\/v2\/posts\/337356\/revisions\/337358"}],"wp:featuredmedia":[{"embeddable":true,"href":"https:\/\/archive.sana.sy\/es\/index.php?rest_route=\/wp\/v2\/media\/337357"}],"wp:attachment":[{"href":"https:\/\/archive.sana.sy\/es\/index.php?rest_route=%2Fwp%2Fv2%2Fmedia&parent=337356"}],"wp:term":[{"taxonomy":"category","embeddable":true,"href":"https:\/\/archive.sana.sy\/es\/index.php?rest_route=%2Fwp%2Fv2%2Fcategories&post=337356"},{"taxonomy":"post_tag","embeddable":true,"href":"https:\/\/archive.sana.sy\/es\/index.php?rest_route=%2Fwp%2Fv2%2Ftags&post=337356"}],"curies":[{"name":"wp","href":"https:\/\/api.w.org\/{rel}","templated":true}]}}