{"id":33736,"date":"2015-11-18T12:31:40","date_gmt":"2015-11-18T10:31:40","guid":{"rendered":"http:\/\/www.sana.sy\/es\/?p=33736"},"modified":"2015-11-21T15:35:58","modified_gmt":"2015-11-21T13:35:58","slug":"siria-condena-atentado-terrorista-contra-avion-ruso-sobre-el-sinai","status":"publish","type":"post","link":"https:\/\/archive.sana.sy\/es\/?p=33736","title":{"rendered":"Siria condena atentado terrorista contra avi\u00f3n ruso sobre el Sina\u00ed"},"content":{"rendered":"<p><span style=\"color: #800000\">Damasco, SANA<\/span><\/p>\n<p>La Rep\u00fablica \u00c1rabe Siria conden\u00f3 en los t\u00e9rminos m\u00e1s en\u00e9rgicos el atentado terrorista contra el avi\u00f3n civil ruso sobre el Sina\u00ed y que mat\u00f3 a personas inocentes que estaba a bordo.<\/p>\n<p>En una declaraci\u00f3n, el Ministerio de Exteriores y Expatriados dijo que la Siria expresa nuevamente su plena simpat\u00eda y solidaridad con el gobierno y el pueblo de la Federaci\u00f3n de Rusia, y confirma su plena disposici\u00f3n para todas formas de cooperaci\u00f3n con las autoridades rusas para la persecuci\u00f3n y procesi\u00f3n de los criminales de la organizaci\u00f3n del Estado Isl\u00e1mico que cometieron este horrendo acto terrorista.<\/p>\n<p>La declaraci\u00f3n agreg\u00f3 que &#8220;la expansi\u00f3n del terrorismo del Estado Isl\u00e1mico, del Frente al-Nousra y de otras organizaciones afiliadas a al-Qaeda, se debe a las pol\u00edticas equivocadas de EE.UU y Occidente que proporcionaron todas las formas de apoyo a los grupos terroristas a trav\u00e9s de sus lacayos en Turqu\u00eda, Arabia Saudita, Qatar, al servicio de su agenda encaminada a sembrar el caos en la regi\u00f3n y perturbar la seguridad y la estabilidad, y es algo que Siria ha advertido en varias ocasiones de sus consecuencias.<\/p>\n<p>La declaraci\u00f3n precis\u00f3: &#8221; teniendo en cuenta los peligros inminentes que plantea el terrorismo a la paz y la estabilidad en todo el mundo y que se ha demostrado que nadie es inmune de ello, Siria llama una vez m\u00e1s a concertar todos los esfuerzos internacionales para eliminar el flagelo del terrorismo, de conformidad con las resoluciones pertinentes del Consejo de Seguridad contra el terrorismo y exigir a los pa\u00edses que apoyan a los grupos terroristas a que implementan esas resoluciones y que se detengan inmediatamente de proporcionar cualquier apoyo a estos grupos terroristas&#8221;.<\/p>\n<p>Fady M., Lynn A.<\/p>\n","protected":false},"excerpt":{"rendered":"<p>Damasco, SANA La Rep\u00fablica \u00c1rabe Siria conden\u00f3 en los t\u00e9rminos m\u00e1s en\u00e9rgicos el atentado terrorista contra el avi\u00f3n civil ruso sobre el Sina\u00ed y que mat\u00f3 a personas inocentes que estaba a bordo. En una declaraci\u00f3n, el Ministerio de Exteriores y Expatriados dijo que la Siria expresa nuevamente su plena simpat\u00eda y solidaridad con el &hellip;<\/p>\n","protected":false},"author":24,"featured_media":33737,"comment_status":"closed","ping_status":"closed","sticky":false,"template":"","format":"standard","meta":{"footnotes":""},"categories":[477,476,576],"tags":[],"class_list":["post-33736","post","type-post","status-publish","format-standard","has-post-thumbnail","","category-noticias-edulcorantes","category-locales","category-noticias-politicas"],"_links":{"self":[{"href":"https:\/\/archive.sana.sy\/es\/index.php?rest_route=\/wp\/v2\/posts\/33736"}],"collection":[{"href":"https:\/\/archive.sana.sy\/es\/index.php?rest_route=\/wp\/v2\/posts"}],"about":[{"href":"https:\/\/archive.sana.sy\/es\/index.php?rest_route=\/wp\/v2\/types\/post"}],"author":[{"embeddable":true,"href":"https:\/\/archive.sana.sy\/es\/index.php?rest_route=\/wp\/v2\/users\/24"}],"replies":[{"embeddable":true,"href":"https:\/\/archive.sana.sy\/es\/index.php?rest_route=%2Fwp%2Fv2%2Fcomments&post=33736"}],"version-history":[{"count":0,"href":"https:\/\/archive.sana.sy\/es\/index.php?rest_route=\/wp\/v2\/posts\/33736\/revisions"}],"wp:featuredmedia":[{"embeddable":true,"href":"https:\/\/archive.sana.sy\/es\/index.php?rest_route=\/wp\/v2\/media\/33737"}],"wp:attachment":[{"href":"https:\/\/archive.sana.sy\/es\/index.php?rest_route=%2Fwp%2Fv2%2Fmedia&parent=33736"}],"wp:term":[{"taxonomy":"category","embeddable":true,"href":"https:\/\/archive.sana.sy\/es\/index.php?rest_route=%2Fwp%2Fv2%2Fcategories&post=33736"},{"taxonomy":"post_tag","embeddable":true,"href":"https:\/\/archive.sana.sy\/es\/index.php?rest_route=%2Fwp%2Fv2%2Ftags&post=33736"}],"curies":[{"name":"wp","href":"https:\/\/api.w.org\/{rel}","templated":true}]}}