{"id":33740,"date":"2015-11-18T12:47:14","date_gmt":"2015-11-18T10:47:14","guid":{"rendered":"http:\/\/www.sana.sy\/es\/?p=33740"},"modified":"2015-11-18T15:04:37","modified_gmt":"2015-11-18T13:04:37","slug":"siria-se-reserva-el-derecho-de-recuperar-el-golan-con-todos-los-medios-legitimos","status":"publish","type":"post","link":"https:\/\/archive.sana.sy\/es\/?p=33740","title":{"rendered":"Siria se reserva el derecho de recuperar el Gol\u00e1n con todos los medios leg\u00edtimos"},"content":{"rendered":"<p><span style=\"color: #800000\">Nueva York, SANA<\/span><\/p>\n<p>El Representante Permanente de Siria ante las Naciones Unidas, Bashar al-Jaafari, dijo que Siria se reserva el derecho de recuperar el Gol\u00e1n ocupado con todos los medios leg\u00edtimos garantizados por la Carta y el derecho internacional.<\/p>\n<p>Tras la aprobaci\u00f3n de la Asamblea General del proyecto de resoluci\u00f3n titulado &#8220;el Gol\u00e1n sirio ocupado&#8221;, Jaafari dijo que los Estados miembros han enviado un claro e inequ\u00edvoco mensaje a Israel como potencia ocupante de que la ocupaci\u00f3n del Gol\u00e1n es inaceptable, condenable y debe terminar de inmediato.<\/p>\n<p>El diplom\u00e1tico sirio aclar\u00f3 que la votaci\u00f3n de la gran mayor\u00eda de los Estado Miembros a favor del proyecto de resoluci\u00f3n reafirma el rechazo a la continuaci\u00f3n de la ocupaci\u00f3n israel\u00ed del Gol\u00e1n sirio.<\/p>\n<p>Por otro lado, y durante la sesi\u00f3n de la Asamblea General de las Naciones Unidas para discutir el art\u00edculo 87 del informe de la Agencia Internacional de Energ\u00eda At\u00f3mica, Jaafari subray\u00f3 que Siria ha hecho de la cuesti\u00f3n de no proliferaci\u00f3n nuclear como un pilar en sus prioridades nacionales.<\/p>\n<p>El representante sirio en la ONU asegur\u00f3 que hay un consenso global de que la amenaza nuclear real en Medio Oriente cosiste en la posesi\u00f3n de &#8220;Israel&#8221; de las armas nucleares.<\/p>\n<p>Destac\u00f3 que algunos se obstinan a esta realidad evidente y visible y abren frentes falsos para distraer la atenci\u00f3n de la gravedad de la realidad nuclear israel\u00ed.<\/p>\n<p>&nbsp;<\/p>\n<p>Fady M., Lynn A.<\/p>\n","protected":false},"excerpt":{"rendered":"<p>Nueva York, SANA El Representante Permanente de Siria ante las Naciones Unidas, Bashar al-Jaafari, dijo que Siria se reserva el derecho de recuperar el Gol\u00e1n ocupado con todos los medios leg\u00edtimos garantizados por la Carta y el derecho internacional. Tras la aprobaci\u00f3n de la Asamblea General del proyecto de resoluci\u00f3n titulado &#8220;el Gol\u00e1n sirio ocupado&#8221;, &hellip;<\/p>\n","protected":false},"author":24,"featured_media":33741,"comment_status":"closed","ping_status":"closed","sticky":false,"template":"","format":"standard","meta":{"footnotes":""},"categories":[456,457,576],"tags":[],"class_list":["post-33740","post","type-post","status-publish","format-standard","has-post-thumbnail","","category-arabe-internacional-politica","category-noticias-arabe-internacional-politica","category-noticias-politicas"],"_links":{"self":[{"href":"https:\/\/archive.sana.sy\/es\/index.php?rest_route=\/wp\/v2\/posts\/33740"}],"collection":[{"href":"https:\/\/archive.sana.sy\/es\/index.php?rest_route=\/wp\/v2\/posts"}],"about":[{"href":"https:\/\/archive.sana.sy\/es\/index.php?rest_route=\/wp\/v2\/types\/post"}],"author":[{"embeddable":true,"href":"https:\/\/archive.sana.sy\/es\/index.php?rest_route=\/wp\/v2\/users\/24"}],"replies":[{"embeddable":true,"href":"https:\/\/archive.sana.sy\/es\/index.php?rest_route=%2Fwp%2Fv2%2Fcomments&post=33740"}],"version-history":[{"count":0,"href":"https:\/\/archive.sana.sy\/es\/index.php?rest_route=\/wp\/v2\/posts\/33740\/revisions"}],"wp:featuredmedia":[{"embeddable":true,"href":"https:\/\/archive.sana.sy\/es\/index.php?rest_route=\/wp\/v2\/media\/33741"}],"wp:attachment":[{"href":"https:\/\/archive.sana.sy\/es\/index.php?rest_route=%2Fwp%2Fv2%2Fmedia&parent=33740"}],"wp:term":[{"taxonomy":"category","embeddable":true,"href":"https:\/\/archive.sana.sy\/es\/index.php?rest_route=%2Fwp%2Fv2%2Fcategories&post=33740"},{"taxonomy":"post_tag","embeddable":true,"href":"https:\/\/archive.sana.sy\/es\/index.php?rest_route=%2Fwp%2Fv2%2Ftags&post=33740"}],"curies":[{"name":"wp","href":"https:\/\/api.w.org\/{rel}","templated":true}]}}