{"id":337415,"date":"2024-09-05T10:41:53","date_gmt":"2024-09-05T07:41:53","guid":{"rendered":"https:\/\/sana.sy\/es\/?p=337415"},"modified":"2024-09-05T10:41:53","modified_gmt":"2024-09-05T07:41:53","slug":"siete-palestinos-mueren-por-ataque-de-dron-israeli-en-tubas-cisjordania","status":"publish","type":"post","link":"https:\/\/archive.sana.sy\/es\/?p=337415","title":{"rendered":"Siete palestinos mueren por ataque de dron israel\u00ed en Tubas, Cisjordania"},"content":{"rendered":"<p style=\"text-align: justify;\"><span style=\"color: #800000;\"><strong>\u00a0Jerusal\u00e9n ocupada, 5 sep (SANA)\u00a0<\/strong> <\/span>Siete palestinos, incluidos cinco j\u00f3venes, fueron asesinados este jueves en la ciudad cisjordana de Tubas, tras el bombardeo de un dron israel\u00ed contra un coche.<\/p>\n<p style=\"text-align: justify;\">&#8220;Un dron bombarde\u00f3 un autom\u00f3vil que transportaba a seis j\u00f3venes, mat\u00e1ndolos a todos, mientras que un adolescente muri\u00f3 por las balas de las tropas sionistas durante su incursi\u00f3n en el campamento de Farea, al sur de Tubas\u201d, divulg\u00f3 la agencia de noticias WAFA.<\/p>\n<p style=\"text-align: justify;\">Desde el d\u00eda 28 de agosto, las fuerzas de ocupaci\u00f3n israel\u00edes lanzaron una agresi\u00f3n a gran escala en Cisjordania, que dej\u00f3 40 muertos palestinos, lo que eleva a 700 el n\u00famero de palestinos asesinados en Cisjordania desde el 7 de octubre pasado.<\/p>\n<p style=\"text-align: justify;\">ed\/fm<\/p>\n","protected":false},"excerpt":{"rendered":"<p>\u00a0Jerusal\u00e9n ocupada, 5 sep (SANA)\u00a0 Siete palestinos, incluidos cinco j\u00f3venes, fueron asesinados este jueves en la ciudad cisjordana de Tubas, tras el bombardeo de un dron israel\u00ed contra un coche. &#8220;Un dron bombarde\u00f3 un autom\u00f3vil que transportaba a seis j\u00f3venes, mat\u00e1ndolos a todos, mientras que un adolescente muri\u00f3 por las balas de las tropas sionistas &hellip;<\/p>\n","protected":false},"author":32,"featured_media":337416,"comment_status":"closed","ping_status":"closed","sticky":false,"template":"","format":"standard","meta":{"footnotes":""},"categories":[597,456,20724,7541],"tags":[],"class_list":["post-337415","post","type-post","status-publish","format-standard","has-post-thumbnail","","category-cinta-de-noticias","category-arabe-internacional-politica","category-minuto-a-minuto","category-ultimas-noticias"],"_links":{"self":[{"href":"https:\/\/archive.sana.sy\/es\/index.php?rest_route=\/wp\/v2\/posts\/337415"}],"collection":[{"href":"https:\/\/archive.sana.sy\/es\/index.php?rest_route=\/wp\/v2\/posts"}],"about":[{"href":"https:\/\/archive.sana.sy\/es\/index.php?rest_route=\/wp\/v2\/types\/post"}],"author":[{"embeddable":true,"href":"https:\/\/archive.sana.sy\/es\/index.php?rest_route=\/wp\/v2\/users\/32"}],"replies":[{"embeddable":true,"href":"https:\/\/archive.sana.sy\/es\/index.php?rest_route=%2Fwp%2Fv2%2Fcomments&post=337415"}],"version-history":[{"count":1,"href":"https:\/\/archive.sana.sy\/es\/index.php?rest_route=\/wp\/v2\/posts\/337415\/revisions"}],"predecessor-version":[{"id":337417,"href":"https:\/\/archive.sana.sy\/es\/index.php?rest_route=\/wp\/v2\/posts\/337415\/revisions\/337417"}],"wp:featuredmedia":[{"embeddable":true,"href":"https:\/\/archive.sana.sy\/es\/index.php?rest_route=\/wp\/v2\/media\/337416"}],"wp:attachment":[{"href":"https:\/\/archive.sana.sy\/es\/index.php?rest_route=%2Fwp%2Fv2%2Fmedia&parent=337415"}],"wp:term":[{"taxonomy":"category","embeddable":true,"href":"https:\/\/archive.sana.sy\/es\/index.php?rest_route=%2Fwp%2Fv2%2Fcategories&post=337415"},{"taxonomy":"post_tag","embeddable":true,"href":"https:\/\/archive.sana.sy\/es\/index.php?rest_route=%2Fwp%2Fv2%2Ftags&post=337415"}],"curies":[{"name":"wp","href":"https:\/\/api.w.org\/{rel}","templated":true}]}}