{"id":33743,"date":"2015-11-18T14:37:07","date_gmt":"2015-11-18T12:37:07","guid":{"rendered":"http:\/\/sana.sy\/es\/?p=33743"},"modified":"2015-11-18T14:37:07","modified_gmt":"2015-11-18T12:37:07","slug":"primer-ministro-recibe-a-la-delegacion-del-organo-de-proteccion-de-siria-en-suecia","status":"publish","type":"post","link":"https:\/\/archive.sana.sy\/es\/?p=33743","title":{"rendered":"Primer Ministro recibe a la delegaci\u00f3n del \u00d3rgano de Protecci\u00f3n de Siria en Suecia"},"content":{"rendered":"<p><span style=\"color: #800000\">Damasco, SANA<\/span><\/p>\n<p>El Primer Ministro, Wael al-Halaqui, subray\u00f3 que Siria, que defiende a todo el mundo a trav\u00e9s de su enfrentamiento al terrorismo, merece el apoyo de sus hijos dentro del pa\u00eds o en el extranjero.<\/p>\n<p>Durante una reuni\u00f3n con una delegaci\u00f3n que representa el \u00f3rgano de Defensa de Siria en Suecia, encabezada por George Makdisi El\u00edas, al-Halaqui se\u00f1al\u00f3 que Siria es la cuna de las civilizaciones humanas y tiene una brillante y honorable historia, y su pueblo dio ejemplos de amor, la tolerancia y la convivencia.<\/p>\n<p>El presidente del Gobierno resalt\u00f3 el importante papel de los emigrantes en la construcci\u00f3n de puentes de comunicaci\u00f3n entre los pa\u00edses donde viven y su patria Siria, adem\u00e1s de revelar a la opini\u00f3n p\u00fablica la naturaleza de la guerra terrorista que enfrenta Siria y la necesidad de alertar a los pueblos de los pa\u00edses donde residen de los peligros de este terrorismo.<\/p>\n<p>Asimismo, hizo un llamado a los sirios en el extranjero a regresar a su patria y contribuir en la construcci\u00f3n y reconstrucci\u00f3n, haciendo hincapi\u00e9 en que &#8220;la fase de la construcci\u00f3n ser\u00e1 protagonizada por los propios sirios.<\/p>\n<p>Por su parte, los miembros de la delegaci\u00f3n reafirmaron su apoyo a su patria y su aprecio y orgullo por la firmeza del ej\u00e9rcito sirio en su lucha antiterrorista.<br \/>\nFady M., Lynn A.<\/p>\n","protected":false},"excerpt":{"rendered":"<p>Damasco, SANA El Primer Ministro, Wael al-Halaqui, subray\u00f3 que Siria, que defiende a todo el mundo a trav\u00e9s de su enfrentamiento al terrorismo, merece el apoyo de sus hijos dentro del pa\u00eds o en el extranjero. Durante una reuni\u00f3n con una delegaci\u00f3n que representa el \u00f3rgano de Defensa de Siria en Suecia, encabezada por George &hellip;<\/p>\n","protected":false},"author":24,"featured_media":33744,"comment_status":"closed","ping_status":"closed","sticky":false,"template":"","format":"standard","meta":{"footnotes":""},"categories":[477,597,476],"tags":[],"class_list":["post-33743","post","type-post","status-publish","format-standard","has-post-thumbnail","","category-noticias-edulcorantes","category-cinta-de-noticias","category-locales"],"_links":{"self":[{"href":"https:\/\/archive.sana.sy\/es\/index.php?rest_route=\/wp\/v2\/posts\/33743"}],"collection":[{"href":"https:\/\/archive.sana.sy\/es\/index.php?rest_route=\/wp\/v2\/posts"}],"about":[{"href":"https:\/\/archive.sana.sy\/es\/index.php?rest_route=\/wp\/v2\/types\/post"}],"author":[{"embeddable":true,"href":"https:\/\/archive.sana.sy\/es\/index.php?rest_route=\/wp\/v2\/users\/24"}],"replies":[{"embeddable":true,"href":"https:\/\/archive.sana.sy\/es\/index.php?rest_route=%2Fwp%2Fv2%2Fcomments&post=33743"}],"version-history":[{"count":0,"href":"https:\/\/archive.sana.sy\/es\/index.php?rest_route=\/wp\/v2\/posts\/33743\/revisions"}],"wp:featuredmedia":[{"embeddable":true,"href":"https:\/\/archive.sana.sy\/es\/index.php?rest_route=\/wp\/v2\/media\/33744"}],"wp:attachment":[{"href":"https:\/\/archive.sana.sy\/es\/index.php?rest_route=%2Fwp%2Fv2%2Fmedia&parent=33743"}],"wp:term":[{"taxonomy":"category","embeddable":true,"href":"https:\/\/archive.sana.sy\/es\/index.php?rest_route=%2Fwp%2Fv2%2Fcategories&post=33743"},{"taxonomy":"post_tag","embeddable":true,"href":"https:\/\/archive.sana.sy\/es\/index.php?rest_route=%2Fwp%2Fv2%2Ftags&post=33743"}],"curies":[{"name":"wp","href":"https:\/\/api.w.org\/{rel}","templated":true}]}}