{"id":337469,"date":"2024-09-06T14:26:21","date_gmt":"2024-09-06T11:26:21","guid":{"rendered":"https:\/\/sana.sy\/es\/?p=337469"},"modified":"2024-09-06T14:26:21","modified_gmt":"2024-09-06T11:26:21","slug":"ocupante-israeli-arresta-a-cinco-palestinos-en-cisjordania-2","status":"publish","type":"post","link":"https:\/\/archive.sana.sy\/es\/?p=337469","title":{"rendered":"Ocupante israel\u00ed arresta a cinco palestinos en Cisjordania"},"content":{"rendered":"<p><span style=\"color: #800000;\"><strong>Jerusal\u00e9n ocupada, 06 sep (SANA)<\/strong> <\/span>Las fuerzas de ocupaci\u00f3n israel\u00ed arrestaron este viernes a cinco palestinos en diferentes \u00e1reas de Cisjordania.<\/p>\n<p>Seg\u00fan la agencia palestina WAFA, las fuerzas sionistas allanaron la aldea de Anata al este de Jerusal\u00e9n ocupada, el campamento de refugiados de Dheisheh al sur de Bel\u00e9n, las localidades de Idna al oeste de Hebr\u00f3n y Dora al sur, y arrestaron a cinco palestinos.<\/p>\n<p>En otro contexto, colonos bajo la protecci\u00f3n de las fuerzas de ocupaci\u00f3n invadieron la aldea de Abu Falah al norte de Ramala y la localidad de Deir Dibwan al este, y atacaron propiedades palestinas e incendiaron varios veh\u00edculos.<\/p>\n<p>Las fuerzas israel\u00edes arrestaron ayer a al menos 16 palestinos en Cisjordania, incluidos un periodista, una joven y exprisioneros.<\/p>\n","protected":false},"excerpt":{"rendered":"<p>Jerusal\u00e9n ocupada, 06 sep (SANA) Las fuerzas de ocupaci\u00f3n israel\u00ed arrestaron este viernes a cinco palestinos en diferentes \u00e1reas de Cisjordania. Seg\u00fan la agencia palestina WAFA, las fuerzas sionistas allanaron la aldea de Anata al este de Jerusal\u00e9n ocupada, el campamento de refugiados de Dheisheh al sur de Bel\u00e9n, las localidades de Idna al oeste &hellip;<\/p>\n","protected":false},"author":30,"featured_media":337472,"comment_status":"closed","ping_status":"closed","sticky":false,"template":"","format":"standard","meta":{"footnotes":""},"categories":[597,456,20724,7541],"tags":[],"class_list":["post-337469","post","type-post","status-publish","format-standard","has-post-thumbnail","","category-cinta-de-noticias","category-arabe-internacional-politica","category-minuto-a-minuto","category-ultimas-noticias"],"_links":{"self":[{"href":"https:\/\/archive.sana.sy\/es\/index.php?rest_route=\/wp\/v2\/posts\/337469"}],"collection":[{"href":"https:\/\/archive.sana.sy\/es\/index.php?rest_route=\/wp\/v2\/posts"}],"about":[{"href":"https:\/\/archive.sana.sy\/es\/index.php?rest_route=\/wp\/v2\/types\/post"}],"author":[{"embeddable":true,"href":"https:\/\/archive.sana.sy\/es\/index.php?rest_route=\/wp\/v2\/users\/30"}],"replies":[{"embeddable":true,"href":"https:\/\/archive.sana.sy\/es\/index.php?rest_route=%2Fwp%2Fv2%2Fcomments&post=337469"}],"version-history":[{"count":1,"href":"https:\/\/archive.sana.sy\/es\/index.php?rest_route=\/wp\/v2\/posts\/337469\/revisions"}],"predecessor-version":[{"id":337473,"href":"https:\/\/archive.sana.sy\/es\/index.php?rest_route=\/wp\/v2\/posts\/337469\/revisions\/337473"}],"wp:featuredmedia":[{"embeddable":true,"href":"https:\/\/archive.sana.sy\/es\/index.php?rest_route=\/wp\/v2\/media\/337472"}],"wp:attachment":[{"href":"https:\/\/archive.sana.sy\/es\/index.php?rest_route=%2Fwp%2Fv2%2Fmedia&parent=337469"}],"wp:term":[{"taxonomy":"category","embeddable":true,"href":"https:\/\/archive.sana.sy\/es\/index.php?rest_route=%2Fwp%2Fv2%2Fcategories&post=337469"},{"taxonomy":"post_tag","embeddable":true,"href":"https:\/\/archive.sana.sy\/es\/index.php?rest_route=%2Fwp%2Fv2%2Ftags&post=337469"}],"curies":[{"name":"wp","href":"https:\/\/api.w.org\/{rel}","templated":true}]}}