{"id":337500,"date":"2024-09-06T18:00:11","date_gmt":"2024-09-06T15:00:11","guid":{"rendered":"https:\/\/sana.sy\/es\/?p=337500"},"modified":"2024-09-06T18:00:11","modified_gmt":"2024-09-06T15:00:11","slug":"una-activista-extranjera-fue-asesinada-por-los-soldados-israelies-en-naplusa","status":"publish","type":"post","link":"https:\/\/archive.sana.sy\/es\/?p=337500","title":{"rendered":"Una activista extranjera fue asesinada por los soldados israel\u00edes en Naplusa"},"content":{"rendered":"<p style=\"text-align: justify;\"><span style=\"color: #800000;\"><strong>Jerusal\u00e9n ocupada, 06 sep (SANA)<\/strong> <\/span>Una activista extranjera muri\u00f3 hoy por un disparo de las fuerzas de ocupaci\u00f3n israel\u00edes al sur de la ciudad de Naplusa, en Cisjordania.<\/p>\n<p style=\"text-align: justify;\"><img loading=\"lazy\" decoding=\"async\" class=\"size-medium wp-image-337502 alignright\" src=\"http:\/\/sana.sy\/es\/wp-content\/uploads\/2024\/09\/Una-activista-extranjera-fue-asesinada-por-los-soldados-israelies-en-Naplusa0-300x207.jpeg\" alt=\"\" width=\"300\" height=\"207\" srcset=\"https:\/\/archive.sana.sy\/es\/wp-content\/uploads\/2024\/09\/Una-activista-extranjera-fue-asesinada-por-los-soldados-israelies-en-Naplusa0-300x207.jpeg 300w, https:\/\/archive.sana.sy\/es\/wp-content\/uploads\/2024\/09\/Una-activista-extranjera-fue-asesinada-por-los-soldados-israelies-en-Naplusa0-150x104.jpeg 150w, https:\/\/archive.sana.sy\/es\/wp-content\/uploads\/2024\/09\/Una-activista-extranjera-fue-asesinada-por-los-soldados-israelies-en-Naplusa0-110x75.jpeg 110w, https:\/\/archive.sana.sy\/es\/wp-content\/uploads\/2024\/09\/Una-activista-extranjera-fue-asesinada-por-los-soldados-israelies-en-Naplusa0.jpeg 706w\" sizes=\"(max-width: 300px) 100vw, 300px\" \/><\/p>\n<p style=\"text-align: justify;\">La Agencia Palestina Wafa inform\u00f3 que los militares atacaron a los participantes en la manifestaci\u00f3n semanal contra los asentamientos en la localidad de Beita, al sur de Naplusa, y abrieron fuego contra ellos, lo que provoc\u00f3 que una activista extranjera resultara gravemente herida en la cabeza, y despu\u00e9s falleci\u00f3 en el hospital.<\/p>\n<p style=\"text-align: justify;\">La activista tiene ciudadan\u00eda estadounidense, es de origen turco y es voluntaria como parte de la campa\u00f1a \u201cFazaa\u201d para apoyar y proteger a los agricultores palestinos de las violaciones de las fuerzas de ocupaci\u00f3n y los colonos.<\/p>\n<p style=\"text-align: justify;\">El Consejo Nacional Palestino conden\u00f3 en los t\u00e9rminos m\u00e1s en\u00e9rgicos el crimen cometido por las fuerzas de ocupaci\u00f3n al ejecutar a la activista.<\/p>\n<p style=\"text-align: justify;\">\u201cEste ataque criminal contra una activista solidaria extranjera vino a expresar el verdadero rostro racista del ocupante, que no duda en atacar a personas inocentes y activistas solidarios, que apoyan a nuestro pueblo en su justa lucha por la libertad. e independencia\u201d, afirm\u00f3 el Consejo en un comunicado.<\/p>\n<p style=\"text-align: justify;\">fm\/sm<\/p>\n","protected":false},"excerpt":{"rendered":"<p>Jerusal\u00e9n ocupada, 06 sep (SANA) Una activista extranjera muri\u00f3 hoy por un disparo de las fuerzas de ocupaci\u00f3n israel\u00edes al sur de la ciudad de Naplusa, en Cisjordania. La Agencia Palestina Wafa inform\u00f3 que los militares atacaron a los participantes en la manifestaci\u00f3n semanal contra los asentamientos en la localidad de Beita, al sur de &hellip;<\/p>\n","protected":false},"author":39,"featured_media":337501,"comment_status":"closed","ping_status":"closed","sticky":false,"template":"","format":"standard","meta":{"footnotes":""},"categories":[597,456,16687,20724,7541],"tags":[],"class_list":["post-337500","post","type-post","status-publish","format-standard","has-post-thumbnail","","category-cinta-de-noticias","category-arabe-internacional-politica","category-internacionales","category-minuto-a-minuto","category-ultimas-noticias"],"_links":{"self":[{"href":"https:\/\/archive.sana.sy\/es\/index.php?rest_route=\/wp\/v2\/posts\/337500"}],"collection":[{"href":"https:\/\/archive.sana.sy\/es\/index.php?rest_route=\/wp\/v2\/posts"}],"about":[{"href":"https:\/\/archive.sana.sy\/es\/index.php?rest_route=\/wp\/v2\/types\/post"}],"author":[{"embeddable":true,"href":"https:\/\/archive.sana.sy\/es\/index.php?rest_route=\/wp\/v2\/users\/39"}],"replies":[{"embeddable":true,"href":"https:\/\/archive.sana.sy\/es\/index.php?rest_route=%2Fwp%2Fv2%2Fcomments&post=337500"}],"version-history":[{"count":1,"href":"https:\/\/archive.sana.sy\/es\/index.php?rest_route=\/wp\/v2\/posts\/337500\/revisions"}],"predecessor-version":[{"id":337503,"href":"https:\/\/archive.sana.sy\/es\/index.php?rest_route=\/wp\/v2\/posts\/337500\/revisions\/337503"}],"wp:featuredmedia":[{"embeddable":true,"href":"https:\/\/archive.sana.sy\/es\/index.php?rest_route=\/wp\/v2\/media\/337501"}],"wp:attachment":[{"href":"https:\/\/archive.sana.sy\/es\/index.php?rest_route=%2Fwp%2Fv2%2Fmedia&parent=337500"}],"wp:term":[{"taxonomy":"category","embeddable":true,"href":"https:\/\/archive.sana.sy\/es\/index.php?rest_route=%2Fwp%2Fv2%2Fcategories&post=337500"},{"taxonomy":"post_tag","embeddable":true,"href":"https:\/\/archive.sana.sy\/es\/index.php?rest_route=%2Fwp%2Fv2%2Ftags&post=337500"}],"curies":[{"name":"wp","href":"https:\/\/api.w.org\/{rel}","templated":true}]}}