{"id":337519,"date":"2024-09-07T12:54:38","date_gmt":"2024-09-07T09:54:38","guid":{"rendered":"https:\/\/sana.sy\/es\/?p=337519"},"modified":"2024-09-07T12:54:38","modified_gmt":"2024-09-07T09:54:38","slug":"%f0%9f%87%b8%f0%9f%87%be%f0%9f%87%bb%f0%9f%87%aa-siria-condena-incautacion-del-avion-del-presidente-maduro-y-lo-califica-de-pirateria-internacional","status":"publish","type":"post","link":"https:\/\/archive.sana.sy\/es\/?p=337519","title":{"rendered":"&#x1f1f8;&#x1f1fe;&#x1f1fb;&#x1f1ea; Siria condena incautaci\u00f3n del avi\u00f3n del presidente Maduro y lo califica de pirater\u00eda internacional"},"content":{"rendered":"<p style=\"text-align: justify;\"><span style=\"color: #800000;\"><strong>Damasco, 7 sep (SANA)\u00a0<\/strong> <\/span>El Gobierno de Siria conden\u00f3 en\u00e9rgicamente la incautaci\u00f3n del avi\u00f3n del presidente venezolano Nicol\u00e1s Maduro por parte de Estados Unidos, y tach\u00f3 esta medida de pirater\u00eda internacional.<\/p>\n<p style=\"text-align: justify;\">La Rep\u00fablica \u00c1rabe Siria deplora en\u00e9rgicamente la incautaci\u00f3n por parte de los Estados Unidos del avi\u00f3n del presidente venezolano Nicol\u00e1s Maduro en Rep\u00fablica Dominicana y su traslado al estado de Florida, declar\u00f3 el Ministerio de Asuntos Exteriores y Expatriados, por medio de un comunicado.<\/p>\n<p style=\"text-align: justify;\">La nota tach\u00f3 este comportamiento estadounidense de una operaci\u00f3n de pirater\u00eda internacional y constituye una flagrante violaci\u00f3n de los principios y normas b\u00e1sicos del derecho internacional y un ataque a la soberan\u00eda de los Estados.<\/p>\n<p style=\"text-align: justify;\"><img loading=\"lazy\" decoding=\"async\" class=\"wp-image-332348 alignleft\" src=\"http:\/\/sana.sy\/es\/wp-content\/uploads\/2024\/06\/Cancilleria-siria-sede.jpeg\" alt=\"\" width=\"442\" height=\"221\" srcset=\"https:\/\/archive.sana.sy\/es\/wp-content\/uploads\/2024\/06\/Cancilleria-siria-sede.jpeg 960w, https:\/\/archive.sana.sy\/es\/wp-content\/uploads\/2024\/06\/Cancilleria-siria-sede-300x150.jpeg 300w, https:\/\/archive.sana.sy\/es\/wp-content\/uploads\/2024\/06\/Cancilleria-siria-sede-150x75.jpeg 150w, https:\/\/archive.sana.sy\/es\/wp-content\/uploads\/2024\/06\/Cancilleria-siria-sede-768x384.jpeg 768w, https:\/\/archive.sana.sy\/es\/wp-content\/uploads\/2024\/06\/Cancilleria-siria-sede-660x330.jpeg 660w\" sizes=\"(max-width: 442px) 100vw, 442px\" \/>El gobierno sirio ratifica su apoyo al gobierno y pueblo de la Rep\u00fablica Bolivariana de Venezuela ante la arrogancia estadounidense y los intentos occidentales de interferir en sus asuntos internos, afirm\u00f3 el comunicado.<\/p>\n<p style=\"text-align: justify;\">El lunes \u00faltimo, Estados Unidos confisc\u00f3 el avi\u00f3n que utilizaba el presidente de Venezuela y lo traslad\u00f3 de Rep\u00fablica Dominicana al estado de Florida, en una medida que el l\u00edder latinoamericano tild\u00f3 de pirater\u00eda.<\/p>\n<p style=\"text-align: justify;\">Funcionarios estadounidenses alegaron que el avi\u00f3n, un jet privado Dassault Falcon 900EX, se compr\u00f3 ilegalmente y que era utilizado por Maduro y miembros de su gobierno.<\/p>\n<p style=\"text-align: justify;\">El Ministerio de Relaciones Exteriores de Venezuela emiti\u00f3 una declaraci\u00f3n que denunci\u00f3 la incautaci\u00f3n y la tach\u00f3 de una pr\u00e1ctica criminal reincidente que no puede ser calificada de otra cosa que no sea pirater\u00eda.<\/p>\n<p style=\"text-align: justify;\">fm<\/p>\n","protected":false},"excerpt":{"rendered":"<p>Damasco, 7 sep (SANA)\u00a0 El Gobierno de Siria conden\u00f3 en\u00e9rgicamente la incautaci\u00f3n del avi\u00f3n del presidente venezolano Nicol\u00e1s Maduro por parte de Estados Unidos, y tach\u00f3 esta medida de pirater\u00eda internacional. La Rep\u00fablica \u00c1rabe Siria deplora en\u00e9rgicamente la incautaci\u00f3n por parte de los Estados Unidos del avi\u00f3n del presidente venezolano Nicol\u00e1s Maduro en Rep\u00fablica Dominicana &hellip;<\/p>\n","protected":false},"author":34,"featured_media":337520,"comment_status":"closed","ping_status":"closed","sticky":false,"template":"","format":"standard","meta":{"footnotes":""},"categories":[477,447,597,20724,476,467,583],"tags":[],"class_list":["post-337519","post","type-post","status-publish","format-standard","has-post-thumbnail","","category-noticias-edulcorantes","category-local-politica","category-cinta-de-noticias","category-minuto-a-minuto","category-locales","category-siria-y-el-mundo","category-slide"],"_links":{"self":[{"href":"https:\/\/archive.sana.sy\/es\/index.php?rest_route=\/wp\/v2\/posts\/337519"}],"collection":[{"href":"https:\/\/archive.sana.sy\/es\/index.php?rest_route=\/wp\/v2\/posts"}],"about":[{"href":"https:\/\/archive.sana.sy\/es\/index.php?rest_route=\/wp\/v2\/types\/post"}],"author":[{"embeddable":true,"href":"https:\/\/archive.sana.sy\/es\/index.php?rest_route=\/wp\/v2\/users\/34"}],"replies":[{"embeddable":true,"href":"https:\/\/archive.sana.sy\/es\/index.php?rest_route=%2Fwp%2Fv2%2Fcomments&post=337519"}],"version-history":[{"count":1,"href":"https:\/\/archive.sana.sy\/es\/index.php?rest_route=\/wp\/v2\/posts\/337519\/revisions"}],"predecessor-version":[{"id":337521,"href":"https:\/\/archive.sana.sy\/es\/index.php?rest_route=\/wp\/v2\/posts\/337519\/revisions\/337521"}],"wp:featuredmedia":[{"embeddable":true,"href":"https:\/\/archive.sana.sy\/es\/index.php?rest_route=\/wp\/v2\/media\/337520"}],"wp:attachment":[{"href":"https:\/\/archive.sana.sy\/es\/index.php?rest_route=%2Fwp%2Fv2%2Fmedia&parent=337519"}],"wp:term":[{"taxonomy":"category","embeddable":true,"href":"https:\/\/archive.sana.sy\/es\/index.php?rest_route=%2Fwp%2Fv2%2Fcategories&post=337519"},{"taxonomy":"post_tag","embeddable":true,"href":"https:\/\/archive.sana.sy\/es\/index.php?rest_route=%2Fwp%2Fv2%2Ftags&post=337519"}],"curies":[{"name":"wp","href":"https:\/\/api.w.org\/{rel}","templated":true}]}}