{"id":337525,"date":"2024-09-07T13:49:30","date_gmt":"2024-09-07T10:49:30","guid":{"rendered":"https:\/\/sana.sy\/es\/?p=337525"},"modified":"2024-09-07T13:49:30","modified_gmt":"2024-09-07T10:49:30","slug":"aumentan-a-37-ninos-palestinos-fallecidos-por-desnutricion-debido-a-la-actual-agresion-israeli-contra-gaza","status":"publish","type":"post","link":"https:\/\/archive.sana.sy\/es\/?p=337525","title":{"rendered":"Aumentan a 37 ni\u00f1os palestinos fallecidos por desnutrici\u00f3n debido a la actual agresi\u00f3n israel\u00ed contra Gaza"},"content":{"rendered":"<p style=\"text-align: justify;\"><span style=\"color: #800000;\"><strong>Jerusal\u00e9n ocupada, 7 sep (SANA)\u00a0 \u00a0<\/strong><\/span>Una menor palestina perdi\u00f3 la vida esta tarde en la ciudad de Khan Yunis, al sur de la Franja de Gaza, debido a la desnutrici\u00f3n y la falta de tratamiento m\u00e9dico, como consecuencia de la actual agresi\u00f3n israel\u00ed a la Franja.<\/p>\n<p style=\"text-align: justify;\">El Ministerio de Salud palestino inform\u00f3 hoy mediante un comunicado que la ni\u00f1a Yaqeen Al-Astal, muri\u00f3 como resultado de desnutrici\u00f3n y deshidrataci\u00f3n, elevando el n\u00famero de fallecidos debido a desnutrici\u00f3n a 37 ni\u00f1os.<\/p>\n<p style=\"text-align: justify;\">La Franja de Gaza est\u00e1 expuesta a condiciones humanitarias extremadamente dif\u00edciles, llegando al punto de la hambruna, a la luz de la grave escasez de alimentos, agua, medicinas y combustible.<\/p>\n<p style=\"text-align: justify;\">sm<\/p>\n","protected":false},"excerpt":{"rendered":"<p>Jerusal\u00e9n ocupada, 7 sep (SANA)\u00a0 \u00a0Una menor palestina perdi\u00f3 la vida esta tarde en la ciudad de Khan Yunis, al sur de la Franja de Gaza, debido a la desnutrici\u00f3n y la falta de tratamiento m\u00e9dico, como consecuencia de la actual agresi\u00f3n israel\u00ed a la Franja. El Ministerio de Salud palestino inform\u00f3 hoy mediante un &hellip;<\/p>\n","protected":false},"author":39,"featured_media":337526,"comment_status":"closed","ping_status":"closed","sticky":false,"template":"","format":"standard","meta":{"footnotes":""},"categories":[597,456,16687,20724,7541],"tags":[],"class_list":["post-337525","post","type-post","status-publish","format-standard","has-post-thumbnail","","category-cinta-de-noticias","category-arabe-internacional-politica","category-internacionales","category-minuto-a-minuto","category-ultimas-noticias"],"_links":{"self":[{"href":"https:\/\/archive.sana.sy\/es\/index.php?rest_route=\/wp\/v2\/posts\/337525"}],"collection":[{"href":"https:\/\/archive.sana.sy\/es\/index.php?rest_route=\/wp\/v2\/posts"}],"about":[{"href":"https:\/\/archive.sana.sy\/es\/index.php?rest_route=\/wp\/v2\/types\/post"}],"author":[{"embeddable":true,"href":"https:\/\/archive.sana.sy\/es\/index.php?rest_route=\/wp\/v2\/users\/39"}],"replies":[{"embeddable":true,"href":"https:\/\/archive.sana.sy\/es\/index.php?rest_route=%2Fwp%2Fv2%2Fcomments&post=337525"}],"version-history":[{"count":1,"href":"https:\/\/archive.sana.sy\/es\/index.php?rest_route=\/wp\/v2\/posts\/337525\/revisions"}],"predecessor-version":[{"id":337527,"href":"https:\/\/archive.sana.sy\/es\/index.php?rest_route=\/wp\/v2\/posts\/337525\/revisions\/337527"}],"wp:featuredmedia":[{"embeddable":true,"href":"https:\/\/archive.sana.sy\/es\/index.php?rest_route=\/wp\/v2\/media\/337526"}],"wp:attachment":[{"href":"https:\/\/archive.sana.sy\/es\/index.php?rest_route=%2Fwp%2Fv2%2Fmedia&parent=337525"}],"wp:term":[{"taxonomy":"category","embeddable":true,"href":"https:\/\/archive.sana.sy\/es\/index.php?rest_route=%2Fwp%2Fv2%2Fcategories&post=337525"},{"taxonomy":"post_tag","embeddable":true,"href":"https:\/\/archive.sana.sy\/es\/index.php?rest_route=%2Fwp%2Fv2%2Ftags&post=337525"}],"curies":[{"name":"wp","href":"https:\/\/api.w.org\/{rel}","templated":true}]}}