{"id":337528,"date":"2024-09-07T13:51:14","date_gmt":"2024-09-07T10:51:14","guid":{"rendered":"https:\/\/sana.sy\/es\/?p=337528"},"modified":"2024-09-07T13:51:14","modified_gmt":"2024-09-07T10:51:14","slug":"cifra-de-muertos-palestinos-en-gaza-aumento-a-40-mil-939","status":"publish","type":"post","link":"https:\/\/archive.sana.sy\/es\/?p=337528","title":{"rendered":"Cifra de muertos palestinos en Gaza aument\u00f3 a 40 mil 939"},"content":{"rendered":"<p style=\"text-align: justify;\"><span style=\"color: #800000;\"><strong>Jerusal\u00e9n ocupada, 07 sep (SANA)<\/strong> <\/span>El Ministerio de Salud palestino anunci\u00f3 hoy que durante las \u00faltimas 48 horas, las fuerzas de ocupaci\u00f3n israel\u00edes cometieron 4 masacres en la Franja de Gaza, cuyas v\u00edctimas llegaron a 61 muertos y 162 heridos.<\/p>\n<p style=\"text-align: justify;\">En un comunicado, el Ministerio indic\u00f3 que el n\u00famero total de v\u00edctimas durante 337 d\u00edas de agresi\u00f3n ascendi\u00f3 a 40.939 muertos y 94.616 heridos.<\/p>\n<p style=\"text-align: justify;\">Precis\u00f3 que miles de v\u00edctimas todav\u00eda se encuentran bajo los escombros y en las carreteras, y las ambulancias y los equipos de defensa civil no pueden llegar a ellos.<\/p>\n<p style=\"text-align: justify;\">Durante el d\u00eda de hoy, 22 palestinos perecieron por bombardeo del ocupante contra los campos de Nuseirat y Bureij en el centro de la Franja de Gaza.<\/p>\n<p style=\"text-align: justify;\">fm\/sm<\/p>\n","protected":false},"excerpt":{"rendered":"<p>Jerusal\u00e9n ocupada, 07 sep (SANA) El Ministerio de Salud palestino anunci\u00f3 hoy que durante las \u00faltimas 48 horas, las fuerzas de ocupaci\u00f3n israel\u00edes cometieron 4 masacres en la Franja de Gaza, cuyas v\u00edctimas llegaron a 61 muertos y 162 heridos. En un comunicado, el Ministerio indic\u00f3 que el n\u00famero total de v\u00edctimas durante 337 d\u00edas &hellip;<\/p>\n","protected":false},"author":39,"featured_media":337529,"comment_status":"closed","ping_status":"closed","sticky":false,"template":"","format":"standard","meta":{"footnotes":""},"categories":[597,456,16687,20724,583],"tags":[],"class_list":["post-337528","post","type-post","status-publish","format-standard","has-post-thumbnail","","category-cinta-de-noticias","category-arabe-internacional-politica","category-internacionales","category-minuto-a-minuto","category-slide"],"_links":{"self":[{"href":"https:\/\/archive.sana.sy\/es\/index.php?rest_route=\/wp\/v2\/posts\/337528"}],"collection":[{"href":"https:\/\/archive.sana.sy\/es\/index.php?rest_route=\/wp\/v2\/posts"}],"about":[{"href":"https:\/\/archive.sana.sy\/es\/index.php?rest_route=\/wp\/v2\/types\/post"}],"author":[{"embeddable":true,"href":"https:\/\/archive.sana.sy\/es\/index.php?rest_route=\/wp\/v2\/users\/39"}],"replies":[{"embeddable":true,"href":"https:\/\/archive.sana.sy\/es\/index.php?rest_route=%2Fwp%2Fv2%2Fcomments&post=337528"}],"version-history":[{"count":1,"href":"https:\/\/archive.sana.sy\/es\/index.php?rest_route=\/wp\/v2\/posts\/337528\/revisions"}],"predecessor-version":[{"id":337530,"href":"https:\/\/archive.sana.sy\/es\/index.php?rest_route=\/wp\/v2\/posts\/337528\/revisions\/337530"}],"wp:featuredmedia":[{"embeddable":true,"href":"https:\/\/archive.sana.sy\/es\/index.php?rest_route=\/wp\/v2\/media\/337529"}],"wp:attachment":[{"href":"https:\/\/archive.sana.sy\/es\/index.php?rest_route=%2Fwp%2Fv2%2Fmedia&parent=337528"}],"wp:term":[{"taxonomy":"category","embeddable":true,"href":"https:\/\/archive.sana.sy\/es\/index.php?rest_route=%2Fwp%2Fv2%2Fcategories&post=337528"},{"taxonomy":"post_tag","embeddable":true,"href":"https:\/\/archive.sana.sy\/es\/index.php?rest_route=%2Fwp%2Fv2%2Ftags&post=337528"}],"curies":[{"name":"wp","href":"https:\/\/api.w.org\/{rel}","templated":true}]}}