{"id":33753,"date":"2015-11-18T14:46:55","date_gmt":"2015-11-18T12:46:55","guid":{"rendered":"http:\/\/sana.sy\/es\/?p=33753"},"modified":"2015-11-18T14:46:55","modified_gmt":"2015-11-18T12:46:55","slug":"boroujerdi-apoyo-de-iran-a-siria-es-firme","status":"publish","type":"post","link":"https:\/\/archive.sana.sy\/es\/?p=33753","title":{"rendered":"Boroujerdi: apoyo de Ir\u00e1n a Siria es firme"},"content":{"rendered":"<p><span style=\"color: #800000\">Beirut, SANA<\/span><\/p>\n<p>El Presidente de la Comisi\u00f3n de Seguridad Nacional y Pol\u00edtica Exterior en el Consejo de Shura iran\u00ed, Alaeddin Boroujerdi, dijo que Ir\u00e1n continuar\u00e1 su apoyo a Siria porque se dio cuenta que lo que est\u00e1 ocurriendo en este pa\u00eds se debe principalmente a su actitud y su determinaci\u00f3n de apoyar la resistencia al enemigo israel\u00ed.<\/p>\n<p>En una entrevista con el peri\u00f3dico liban\u00e9s &#8220;al-Akhbar&#8221;, Boroujerdi dijo que la posici\u00f3n de Ir\u00e1n hacia Siria es firme, reafirmando el derecho del pueblo sirio a determinar su propio futuro sin injerencias externas.<\/p>\n<p>Boroujerdi se\u00f1al\u00f3 que Occidente vive un estado de contradicci\u00f3n respecto a Siria; por un lado, quiere apoyar a sus aliados en la regi\u00f3n como Turqu\u00eda, Arabia Saudita y Qatar, y por el otro lado, teme de la expansi\u00f3n incontrolada del terrorismo.<br \/>\nFady M., Lynn A.<\/p>\n","protected":false},"excerpt":{"rendered":"<p>Beirut, SANA El Presidente de la Comisi\u00f3n de Seguridad Nacional y Pol\u00edtica Exterior en el Consejo de Shura iran\u00ed, Alaeddin Boroujerdi, dijo que Ir\u00e1n continuar\u00e1 su apoyo a Siria porque se dio cuenta que lo que est\u00e1 ocurriendo en este pa\u00eds se debe principalmente a su actitud y su determinaci\u00f3n de apoyar la resistencia al &hellip;<\/p>\n","protected":false},"author":24,"featured_media":7742,"comment_status":"closed","ping_status":"closed","sticky":false,"template":"","format":"standard","meta":{"footnotes":""},"categories":[456,457,576],"tags":[],"class_list":["post-33753","post","type-post","status-publish","format-standard","has-post-thumbnail","","category-arabe-internacional-politica","category-noticias-arabe-internacional-politica","category-noticias-politicas"],"_links":{"self":[{"href":"https:\/\/archive.sana.sy\/es\/index.php?rest_route=\/wp\/v2\/posts\/33753"}],"collection":[{"href":"https:\/\/archive.sana.sy\/es\/index.php?rest_route=\/wp\/v2\/posts"}],"about":[{"href":"https:\/\/archive.sana.sy\/es\/index.php?rest_route=\/wp\/v2\/types\/post"}],"author":[{"embeddable":true,"href":"https:\/\/archive.sana.sy\/es\/index.php?rest_route=\/wp\/v2\/users\/24"}],"replies":[{"embeddable":true,"href":"https:\/\/archive.sana.sy\/es\/index.php?rest_route=%2Fwp%2Fv2%2Fcomments&post=33753"}],"version-history":[{"count":0,"href":"https:\/\/archive.sana.sy\/es\/index.php?rest_route=\/wp\/v2\/posts\/33753\/revisions"}],"wp:featuredmedia":[{"embeddable":true,"href":"https:\/\/archive.sana.sy\/es\/index.php?rest_route=\/wp\/v2\/media\/7742"}],"wp:attachment":[{"href":"https:\/\/archive.sana.sy\/es\/index.php?rest_route=%2Fwp%2Fv2%2Fmedia&parent=33753"}],"wp:term":[{"taxonomy":"category","embeddable":true,"href":"https:\/\/archive.sana.sy\/es\/index.php?rest_route=%2Fwp%2Fv2%2Fcategories&post=33753"},{"taxonomy":"post_tag","embeddable":true,"href":"https:\/\/archive.sana.sy\/es\/index.php?rest_route=%2Fwp%2Fv2%2Ftags&post=33753"}],"curies":[{"name":"wp","href":"https:\/\/api.w.org\/{rel}","templated":true}]}}