{"id":337531,"date":"2024-09-07T14:06:03","date_gmt":"2024-09-07T11:06:03","guid":{"rendered":"https:\/\/sana.sy\/es\/?p=337531"},"modified":"2024-09-07T14:08:36","modified_gmt":"2024-09-07T11:08:36","slug":"intelectualidad-del-mundo-exigen-a-eeuu-sacar-a-cuba-de-lista-terrorista","status":"publish","type":"post","link":"https:\/\/archive.sana.sy\/es\/?p=337531","title":{"rendered":"Intelectuales del mundo exigen a EEUU sacar a Cuba de lista terrorista"},"content":{"rendered":"<p style=\"text-align: justify;\"><span style=\"color: #800000;\"><strong>Damasco, 07 sep (SANA)<\/strong><\/span> Intelectuales de diversas regiones del mundo exigieron al Gobierno estadounidense excluir a Cuba de la lista de Estados patrocinadores del terrorismo.<\/p>\n<p style=\"text-align: justify;\">El reclamo mundial responde a una carta abierta del periodista franco-espa\u00f1ol Ignacio Ramonet dirigida al presidente Joe Biden, en la cual expone argumentos que acreditan a la naci\u00f3n caribe\u00f1a como \u201cpromotora de la paz, la salud y la educaci\u00f3n. Eso es lo contrario mismo de promover el terrorismo\u201d.<\/p>\n<p style=\"text-align: justify;\">Muchos intelectuales del mundo se unieron a esta noble iniciativa respaldada por la instituci\u00f3n habanera Casa de las Am\u00e9ricas a trav\u00e9s de una convocatoria<\/p>\n<p style=\"text-align: justify;\">En su misiva, Ramonet solicita al mandatario estadounidense que repare la profunda injusticia cometida el 12 de enero de 2021 por su predecesor, Donald Trump, cuando, a unas semanas de abandonar la Casa Blanca, decidi\u00f3 reinscribir a Cuba en la infame lista de Estados patrocinadores del terrorismo.<\/p>\n<p style=\"text-align: justify;\">Desde hace 65 a\u00f1os, a pesar de las tensiones que han podido existir entre Estados Unidos y Cuba, no se puede citar un solo caso de acci\u00f3n violenta ocurrida en territorio estadounidense que haya sido apadrinado, directa o indirectamente, por La Habana, aclar\u00f3 el intelectual.<\/p>\n<p style=\"text-align: justify;\">Las consecuencias m\u00e1s atroces se derivan del riesgo asociado a cualquier tipo de ayuda humanitaria, negocio, inversi\u00f3n y comercio que implique a Cuba y, por extensi\u00f3n, a sus ciudadanos, a\u00f1adi\u00f3.<\/p>\n<p style=\"text-align: justify;\">Todo ello sumado a \u201clas terribles consecuencias del cruel e ilegal bloqueo econ\u00f3mico, comercial y financiero que el Gobierno de su pa\u00eds mantiene contra Cuba desde hace m\u00e1s de 60 a\u00f1os\u201d.<\/p>\n<p style=\"text-align: justify;\">fm\/sm<\/p>\n","protected":false},"excerpt":{"rendered":"<p>Damasco, 07 sep (SANA) Intelectuales de diversas regiones del mundo exigieron al Gobierno estadounidense excluir a Cuba de la lista de Estados patrocinadores del terrorismo. El reclamo mundial responde a una carta abierta del periodista franco-espa\u00f1ol Ignacio Ramonet dirigida al presidente Joe Biden, en la cual expone argumentos que acreditan a la naci\u00f3n caribe\u00f1a como &hellip;<\/p>\n","protected":false},"author":39,"featured_media":337532,"comment_status":"closed","ping_status":"closed","sticky":false,"template":"","format":"standard","meta":{"footnotes":""},"categories":[597,456,16687,7541],"tags":[],"class_list":["post-337531","post","type-post","status-publish","format-standard","has-post-thumbnail","","category-cinta-de-noticias","category-arabe-internacional-politica","category-internacionales","category-ultimas-noticias"],"_links":{"self":[{"href":"https:\/\/archive.sana.sy\/es\/index.php?rest_route=\/wp\/v2\/posts\/337531"}],"collection":[{"href":"https:\/\/archive.sana.sy\/es\/index.php?rest_route=\/wp\/v2\/posts"}],"about":[{"href":"https:\/\/archive.sana.sy\/es\/index.php?rest_route=\/wp\/v2\/types\/post"}],"author":[{"embeddable":true,"href":"https:\/\/archive.sana.sy\/es\/index.php?rest_route=\/wp\/v2\/users\/39"}],"replies":[{"embeddable":true,"href":"https:\/\/archive.sana.sy\/es\/index.php?rest_route=%2Fwp%2Fv2%2Fcomments&post=337531"}],"version-history":[{"count":2,"href":"https:\/\/archive.sana.sy\/es\/index.php?rest_route=\/wp\/v2\/posts\/337531\/revisions"}],"predecessor-version":[{"id":337534,"href":"https:\/\/archive.sana.sy\/es\/index.php?rest_route=\/wp\/v2\/posts\/337531\/revisions\/337534"}],"wp:featuredmedia":[{"embeddable":true,"href":"https:\/\/archive.sana.sy\/es\/index.php?rest_route=\/wp\/v2\/media\/337532"}],"wp:attachment":[{"href":"https:\/\/archive.sana.sy\/es\/index.php?rest_route=%2Fwp%2Fv2%2Fmedia&parent=337531"}],"wp:term":[{"taxonomy":"category","embeddable":true,"href":"https:\/\/archive.sana.sy\/es\/index.php?rest_route=%2Fwp%2Fv2%2Fcategories&post=337531"},{"taxonomy":"post_tag","embeddable":true,"href":"https:\/\/archive.sana.sy\/es\/index.php?rest_route=%2Fwp%2Fv2%2Ftags&post=337531"}],"curies":[{"name":"wp","href":"https:\/\/api.w.org\/{rel}","templated":true}]}}