{"id":33755,"date":"2015-11-18T14:30:19","date_gmt":"2015-11-18T12:30:19","guid":{"rendered":"http:\/\/sana.sy\/es\/?p=33755"},"modified":"2015-11-18T14:48:55","modified_gmt":"2015-11-18T12:48:55","slug":"sobotka-la-lucha-contra-el-ei-es-una-prioridad","status":"publish","type":"post","link":"https:\/\/archive.sana.sy\/es\/?p=33755","title":{"rendered":"Sobotka: la lucha contra el EI es una prioridad"},"content":{"rendered":"<p><span style=\"color: #800000\">Praga, SANA<\/span><\/p>\n<p>El jefe del gobierno checo, Bohslav Sobotka, llam\u00f3 a la comunidad internacional luchar contra la organizaci\u00f3n terrorista del Estado Isl\u00e1mico y considerar su derrota como una prioridad.<\/p>\n<p>El primer ministro checo destac\u00f3 que los ataques terroristas que tuvieron lugar en Par\u00eds, recordaron la gravedad del fen\u00f3meno del terrorismo.<\/p>\n<p>Sobotka pidi\u00f3 no sucumbir a la intimidaci\u00f3n e apegarse a los valores de la democracia y el liberalismo, en particular, la tolerancia y la igualdad.<\/p>\n<p>Asimismo agreg\u00f3 que el flujo de refugiados debe resolverse mediante la instauraci\u00f3n de la seguridad y la estabilidad en Siria, Irak y Libia.<\/p>\n<p>Fady M., Lynn A.<\/p>\n","protected":false},"excerpt":{"rendered":"<p>Praga, SANA El jefe del gobierno checo, Bohslav Sobotka, llam\u00f3 a la comunidad internacional luchar contra la organizaci\u00f3n terrorista del Estado Isl\u00e1mico y considerar su derrota como una prioridad. El primer ministro checo destac\u00f3 que los ataques terroristas que tuvieron lugar en Par\u00eds, recordaron la gravedad del fen\u00f3meno del terrorismo. Sobotka pidi\u00f3 no sucumbir a &hellip;<\/p>\n","protected":false},"author":24,"featured_media":33756,"comment_status":"closed","ping_status":"closed","sticky":false,"template":"","format":"standard","meta":{"footnotes":""},"categories":[456,457],"tags":[],"class_list":["post-33755","post","type-post","status-publish","format-standard","has-post-thumbnail","","category-arabe-internacional-politica","category-noticias-arabe-internacional-politica"],"_links":{"self":[{"href":"https:\/\/archive.sana.sy\/es\/index.php?rest_route=\/wp\/v2\/posts\/33755"}],"collection":[{"href":"https:\/\/archive.sana.sy\/es\/index.php?rest_route=\/wp\/v2\/posts"}],"about":[{"href":"https:\/\/archive.sana.sy\/es\/index.php?rest_route=\/wp\/v2\/types\/post"}],"author":[{"embeddable":true,"href":"https:\/\/archive.sana.sy\/es\/index.php?rest_route=\/wp\/v2\/users\/24"}],"replies":[{"embeddable":true,"href":"https:\/\/archive.sana.sy\/es\/index.php?rest_route=%2Fwp%2Fv2%2Fcomments&post=33755"}],"version-history":[{"count":0,"href":"https:\/\/archive.sana.sy\/es\/index.php?rest_route=\/wp\/v2\/posts\/33755\/revisions"}],"wp:featuredmedia":[{"embeddable":true,"href":"https:\/\/archive.sana.sy\/es\/index.php?rest_route=\/wp\/v2\/media\/33756"}],"wp:attachment":[{"href":"https:\/\/archive.sana.sy\/es\/index.php?rest_route=%2Fwp%2Fv2%2Fmedia&parent=33755"}],"wp:term":[{"taxonomy":"category","embeddable":true,"href":"https:\/\/archive.sana.sy\/es\/index.php?rest_route=%2Fwp%2Fv2%2Fcategories&post=33755"},{"taxonomy":"post_tag","embeddable":true,"href":"https:\/\/archive.sana.sy\/es\/index.php?rest_route=%2Fwp%2Fv2%2Ftags&post=33755"}],"curies":[{"name":"wp","href":"https:\/\/api.w.org\/{rel}","templated":true}]}}