{"id":337557,"date":"2024-09-07T16:14:21","date_gmt":"2024-09-07T13:14:21","guid":{"rendered":"https:\/\/sana.sy\/es\/?p=337557"},"modified":"2024-09-07T16:14:21","modified_gmt":"2024-09-07T13:14:21","slug":"canciller-sirio-apoya-reanudacion-del-trabajo-del-centro-icarda-en-siria","status":"publish","type":"post","link":"https:\/\/archive.sana.sy\/es\/?p=337557","title":{"rendered":"Canciller sirio apoya reanudaci\u00f3n del trabajo del centro Icarda en Siria"},"content":{"rendered":"<p style=\"text-align: justify;\"><span style=\"color: #800000;\"><strong>El Cairo, 07 sep (SANA)<\/strong> <\/span>El ministro de Asuntos Exteriores y Expatriados en el gobierno sirio provisional, Faisal Al-Mekdad, se reuni\u00f3 hoy en El Cairo, la capital egipcia, con Ali Abu Saba, el director general del Centro Internacional de Investigaci\u00f3n Agr\u00edcola en las Zonas \u00c1ridas (ICARDA), cuya sede principal estuvo durante d\u00e9cadas, en la zona de Tal Hadya, en la provincia de Alepo, en el norte de Siria.<\/p>\n<p style=\"text-align: justify;\">Al-Mekdad expres\u00f3 la importancia de retomar la relaci\u00f3n entre Siria e ICARDA, y elogi\u00f3 el papel cient\u00edfico y de investigaci\u00f3n desempe\u00f1ado por el centro, cuyos resultados positivos se reflejaron a nivel regional y global, y destac\u00f3 la necesidad de preservarlo y desarrollarlo.<\/p>\n<p style=\"text-align: justify;\">El jefe de la diplomacia expres\u00f3 la disposici\u00f3n del gobierno sirio a proporcionar todas las facilidades y asistencia posibles para reanudar el trabajo de ICARDA en Siria.<\/p>\n<p style=\"text-align: justify;\">A su vez, Abu Saba explic\u00f3 los servicios que el Centro brinda a los pa\u00edses en desarrollo y habl\u00f3 de los diversos desaf\u00edos que enfrent\u00f3 durante la guerra que asol\u00f3 Alepo desde 2011.<\/p>\n<p style=\"text-align: justify;\">Se refiri\u00f3 a las relaciones de cooperaci\u00f3n que vincularon Siria con ICARDA a lo largo de los a\u00f1os, y los proyectos de investigaci\u00f3n y desarrollo llevados a cabo por \u201cICARDA\u201d de los que Siria y todos los pa\u00edses en desarrollo se beneficiaron.<\/p>\n<p style=\"text-align: justify;\">Expres\u00f3 su voluntad de trabajar nuevamente con el gobierno sirio para que el centro regrese a Siria y reanude su asistencia para desarrollar la producci\u00f3n agr\u00edcola y enfrentar los desaf\u00edos del cambio clim\u00e1tico.<\/p>\n<p style=\"text-align: justify;\">El Canciller sirio hab\u00eda llegado hoy a la capital egipcia, El Cairo, para mantener conversaciones con su hom\u00f3logo egipcio, Badr Abdel-Ati, y participar en los trabajos del 162\u00ba per\u00edodo ordinario de sesiones del Consejo de la Liga \u00c1rabe que se efect\u00faa a nivel ministerial.<\/p>\n<p style=\"text-align: justify;\">fm\/sm<\/p>\n","protected":false},"excerpt":{"rendered":"<p>El Cairo, 07 sep (SANA) El ministro de Asuntos Exteriores y Expatriados en el gobierno sirio provisional, Faisal Al-Mekdad, se reuni\u00f3 hoy en El Cairo, la capital egipcia, con Ali Abu Saba, el director general del Centro Internacional de Investigaci\u00f3n Agr\u00edcola en las Zonas \u00c1ridas (ICARDA), cuya sede principal estuvo durante d\u00e9cadas, en la zona &hellip;<\/p>\n","protected":false},"author":39,"featured_media":337558,"comment_status":"closed","ping_status":"closed","sticky":false,"template":"","format":"standard","meta":{"footnotes":""},"categories":[597,20724,467,583],"tags":[],"class_list":["post-337557","post","type-post","status-publish","format-standard","has-post-thumbnail","","category-cinta-de-noticias","category-minuto-a-minuto","category-siria-y-el-mundo","category-slide"],"_links":{"self":[{"href":"https:\/\/archive.sana.sy\/es\/index.php?rest_route=\/wp\/v2\/posts\/337557"}],"collection":[{"href":"https:\/\/archive.sana.sy\/es\/index.php?rest_route=\/wp\/v2\/posts"}],"about":[{"href":"https:\/\/archive.sana.sy\/es\/index.php?rest_route=\/wp\/v2\/types\/post"}],"author":[{"embeddable":true,"href":"https:\/\/archive.sana.sy\/es\/index.php?rest_route=\/wp\/v2\/users\/39"}],"replies":[{"embeddable":true,"href":"https:\/\/archive.sana.sy\/es\/index.php?rest_route=%2Fwp%2Fv2%2Fcomments&post=337557"}],"version-history":[{"count":1,"href":"https:\/\/archive.sana.sy\/es\/index.php?rest_route=\/wp\/v2\/posts\/337557\/revisions"}],"predecessor-version":[{"id":337559,"href":"https:\/\/archive.sana.sy\/es\/index.php?rest_route=\/wp\/v2\/posts\/337557\/revisions\/337559"}],"wp:featuredmedia":[{"embeddable":true,"href":"https:\/\/archive.sana.sy\/es\/index.php?rest_route=\/wp\/v2\/media\/337558"}],"wp:attachment":[{"href":"https:\/\/archive.sana.sy\/es\/index.php?rest_route=%2Fwp%2Fv2%2Fmedia&parent=337557"}],"wp:term":[{"taxonomy":"category","embeddable":true,"href":"https:\/\/archive.sana.sy\/es\/index.php?rest_route=%2Fwp%2Fv2%2Fcategories&post=337557"},{"taxonomy":"post_tag","embeddable":true,"href":"https:\/\/archive.sana.sy\/es\/index.php?rest_route=%2Fwp%2Fv2%2Ftags&post=337557"}],"curies":[{"name":"wp","href":"https:\/\/api.w.org\/{rel}","templated":true}]}}