{"id":337560,"date":"2024-09-07T17:14:35","date_gmt":"2024-09-07T14:14:35","guid":{"rendered":"https:\/\/sana.sy\/es\/?p=337560"},"modified":"2024-09-07T17:14:35","modified_gmt":"2024-09-07T14:14:35","slug":"defensa-rusa-informa-sobre-situacion-militar-en-kursk","status":"publish","type":"post","link":"https:\/\/archive.sana.sy\/es\/?p=337560","title":{"rendered":"Defensa rusa informa sobre situaci\u00f3n militar en Kursk"},"content":{"rendered":"<p style=\"text-align: justify;\"><span style=\"color: #800000;\"><strong>Mosc\u00fa, 7 sep (SANA)<\/strong> <\/span>El Ministerio de Defensa de la Federaci\u00f3n de Rusia comunic\u00f3 hoy que las fuerzas de Kiev perdieron a m\u00e1s de 10 mil 700 efectivos desde el inicio de su incursi\u00f3n en la provincia de Kursk.<\/p>\n<p style=\"text-align: justify;\">De acuerdo con el ente castrense, durante las hostilidades en la l\u00ednea de operaciones de Kursk, el enemigo perdi\u00f3 84 tanques, 41 veh\u00edculos de combate de infanter\u00eda, 74 blindados de transporte, y 609 de combate.<\/p>\n<p style=\"text-align: justify;\">Adem\u00e1s, las tropas rusas destruyeron 348 autom\u00f3viles, 82 piezas de artiller\u00eda, 24 sistemas de lanzacohetes m\u00faltiples, incluidos siete Himars y cinco MLRS, ocho sistemas de misiles antia\u00e9reos, 20 estaciones de guerra electr\u00f3nica, siete radares de contrabater\u00eda y ocho veh\u00edculos de ingenieros.<\/p>\n<p style=\"text-align: justify;\">En las \u00faltimas 24 horas, las p\u00e9rdidas de Kiev fueron de hasta 280 militares y 13 veh\u00edculos blindados.<\/p>\n<p style=\"text-align: justify;\">El pasado 6 de agosto, el ej\u00e9rcito ucraniano inici\u00f3 una incursi\u00f3n armada en la provincia de Kursk.<\/p>\n<p style=\"text-align: justify;\">fm<\/p>\n","protected":false},"excerpt":{"rendered":"<p>Mosc\u00fa, 7 sep (SANA) El Ministerio de Defensa de la Federaci\u00f3n de Rusia comunic\u00f3 hoy que las fuerzas de Kiev perdieron a m\u00e1s de 10 mil 700 efectivos desde el inicio de su incursi\u00f3n en la provincia de Kursk. De acuerdo con el ente castrense, durante las hostilidades en la l\u00ednea de operaciones de Kursk, &hellip;<\/p>\n","protected":false},"author":34,"featured_media":337561,"comment_status":"closed","ping_status":"closed","sticky":false,"template":"","format":"standard","meta":{"footnotes":""},"categories":[597,456,20724,7541],"tags":[],"class_list":["post-337560","post","type-post","status-publish","format-standard","has-post-thumbnail","","category-cinta-de-noticias","category-arabe-internacional-politica","category-minuto-a-minuto","category-ultimas-noticias"],"_links":{"self":[{"href":"https:\/\/archive.sana.sy\/es\/index.php?rest_route=\/wp\/v2\/posts\/337560"}],"collection":[{"href":"https:\/\/archive.sana.sy\/es\/index.php?rest_route=\/wp\/v2\/posts"}],"about":[{"href":"https:\/\/archive.sana.sy\/es\/index.php?rest_route=\/wp\/v2\/types\/post"}],"author":[{"embeddable":true,"href":"https:\/\/archive.sana.sy\/es\/index.php?rest_route=\/wp\/v2\/users\/34"}],"replies":[{"embeddable":true,"href":"https:\/\/archive.sana.sy\/es\/index.php?rest_route=%2Fwp%2Fv2%2Fcomments&post=337560"}],"version-history":[{"count":1,"href":"https:\/\/archive.sana.sy\/es\/index.php?rest_route=\/wp\/v2\/posts\/337560\/revisions"}],"predecessor-version":[{"id":337562,"href":"https:\/\/archive.sana.sy\/es\/index.php?rest_route=\/wp\/v2\/posts\/337560\/revisions\/337562"}],"wp:featuredmedia":[{"embeddable":true,"href":"https:\/\/archive.sana.sy\/es\/index.php?rest_route=\/wp\/v2\/media\/337561"}],"wp:attachment":[{"href":"https:\/\/archive.sana.sy\/es\/index.php?rest_route=%2Fwp%2Fv2%2Fmedia&parent=337560"}],"wp:term":[{"taxonomy":"category","embeddable":true,"href":"https:\/\/archive.sana.sy\/es\/index.php?rest_route=%2Fwp%2Fv2%2Fcategories&post=337560"},{"taxonomy":"post_tag","embeddable":true,"href":"https:\/\/archive.sana.sy\/es\/index.php?rest_route=%2Fwp%2Fv2%2Ftags&post=337560"}],"curies":[{"name":"wp","href":"https:\/\/api.w.org\/{rel}","templated":true}]}}