{"id":337571,"date":"2024-09-08T05:59:55","date_gmt":"2024-09-08T02:59:55","guid":{"rendered":"https:\/\/sana.sy\/es\/?p=337571"},"modified":"2024-09-08T05:59:55","modified_gmt":"2024-09-08T02:59:55","slug":"las-fuerzas-yemenies-derriban-un-dron-estadounidense","status":"publish","type":"post","link":"https:\/\/archive.sana.sy\/es\/?p=337571","title":{"rendered":"Las fuerzas yemen\u00edes derriban un dron estadounidense"},"content":{"rendered":"<p style=\"text-align: justify;\"><span style=\"color: #800000;\"><strong>San\u00e1, 8 sep (SANA)\u00a0\u00a0<\/strong> <\/span>Las fuerzas armadas yemen\u00edes derribaron un dron estadounidense tipo MQ-9, en la gobernaci\u00f3n de Marib.<\/p>\n<p style=\"text-align: justify;\">En un comunicado, las referidas fuerzas informaron que en apoyo al palestino y en respuesta a la agresi\u00f3n estadounidense-brit\u00e1nica contra Yemen, las defensas a\u00e9reas yemen\u00edes lograron derribar un avi\u00f3n estadounidense mientras llevaba a cabo acciones hostiles en el espacio a\u00e9reo de la gobernaci\u00f3n de Marib\u201d.<\/p>\n<p style=\"text-align: justify;\">Aclararon que este avi\u00f3n es el octavo de este tipo que se derriba en Yemen en apoyo a Gaza.<\/p>\n<p style=\"text-align: justify;\">Las Fuerzas Armadas de Yemen confirmaron que continuar\u00e1n fortaleciendo sus capacidades defensivas para enfrentar la agresi\u00f3n estadounidense-brit\u00e1nica.<\/p>\n<p style=\"text-align: justify;\">fm<\/p>\n","protected":false},"excerpt":{"rendered":"<p>San\u00e1, 8 sep (SANA)\u00a0\u00a0 Las fuerzas armadas yemen\u00edes derribaron un dron estadounidense tipo MQ-9, en la gobernaci\u00f3n de Marib. En un comunicado, las referidas fuerzas informaron que en apoyo al palestino y en respuesta a la agresi\u00f3n estadounidense-brit\u00e1nica contra Yemen, las defensas a\u00e9reas yemen\u00edes lograron derribar un avi\u00f3n estadounidense mientras llevaba a cabo acciones hostiles &hellip;<\/p>\n","protected":false},"author":34,"featured_media":337572,"comment_status":"closed","ping_status":"closed","sticky":false,"template":"","format":"standard","meta":{"footnotes":""},"categories":[597,456,20724,7541],"tags":[],"class_list":["post-337571","post","type-post","status-publish","format-standard","has-post-thumbnail","","category-cinta-de-noticias","category-arabe-internacional-politica","category-minuto-a-minuto","category-ultimas-noticias"],"_links":{"self":[{"href":"https:\/\/archive.sana.sy\/es\/index.php?rest_route=\/wp\/v2\/posts\/337571"}],"collection":[{"href":"https:\/\/archive.sana.sy\/es\/index.php?rest_route=\/wp\/v2\/posts"}],"about":[{"href":"https:\/\/archive.sana.sy\/es\/index.php?rest_route=\/wp\/v2\/types\/post"}],"author":[{"embeddable":true,"href":"https:\/\/archive.sana.sy\/es\/index.php?rest_route=\/wp\/v2\/users\/34"}],"replies":[{"embeddable":true,"href":"https:\/\/archive.sana.sy\/es\/index.php?rest_route=%2Fwp%2Fv2%2Fcomments&post=337571"}],"version-history":[{"count":1,"href":"https:\/\/archive.sana.sy\/es\/index.php?rest_route=\/wp\/v2\/posts\/337571\/revisions"}],"predecessor-version":[{"id":337573,"href":"https:\/\/archive.sana.sy\/es\/index.php?rest_route=\/wp\/v2\/posts\/337571\/revisions\/337573"}],"wp:featuredmedia":[{"embeddable":true,"href":"https:\/\/archive.sana.sy\/es\/index.php?rest_route=\/wp\/v2\/media\/337572"}],"wp:attachment":[{"href":"https:\/\/archive.sana.sy\/es\/index.php?rest_route=%2Fwp%2Fv2%2Fmedia&parent=337571"}],"wp:term":[{"taxonomy":"category","embeddable":true,"href":"https:\/\/archive.sana.sy\/es\/index.php?rest_route=%2Fwp%2Fv2%2Fcategories&post=337571"},{"taxonomy":"post_tag","embeddable":true,"href":"https:\/\/archive.sana.sy\/es\/index.php?rest_route=%2Fwp%2Fv2%2Ftags&post=337571"}],"curies":[{"name":"wp","href":"https:\/\/api.w.org\/{rel}","templated":true}]}}