{"id":33758,"date":"2015-11-18T14:51:38","date_gmt":"2015-11-18T12:51:38","guid":{"rendered":"http:\/\/sana.sy\/es\/?p=33758"},"modified":"2015-11-18T14:51:38","modified_gmt":"2015-11-18T12:51:38","slug":"hollande-francia-esta-en-estado-de-guerra-contra-el-terrorismo","status":"publish","type":"post","link":"https:\/\/archive.sana.sy\/es\/?p=33758","title":{"rendered":"Hollande: &#8220;Francia est\u00e1 en estado de guerra contra el terrorismo&#8221;"},"content":{"rendered":"<p><span style=\"color: #800000\">Paris, SANA<\/span><\/p>\n<p>El presidente franc\u00e9s, Fran\u00e7ois Hollande, anunci\u00f3 que las operaciones de la Fuerza A\u00e9rea francesa en Siria se han intensificado y que en el portaaviones Charles De Gaulle, que zarp\u00f3 rumbo a Siria, ya se efect\u00faan operaciones militares.<\/p>\n<p>Hollande afirm\u00f3 que &#8220;la operaci\u00f3n policial en Saint-Denis demuestra que Francia est\u00e1 en estado de guerra contra el terrorismo.<\/p>\n<p>Seg\u00fan el presidente franc\u00e9s, la decisi\u00f3n ha sido &#8220;deliberada e importante&#8221; y es que Paris ha empezado a llevar a cabo operaciones en Irak y Siria.<\/p>\n<p>El mandatario franc\u00e9s precis\u00f3 que Rusia, EE.UU. y Francia van a formar una amplia coalici\u00f3n que &#8220;dar\u00e1 un golpe definitivo al EI&#8221;.<\/p>\n<p>Tambi\u00e9n declar\u00f3 que tiene la intenci\u00f3n de discutir con el presidente estadounidense, Barack Obama, y con el l\u00edder ruso, Vlad\u00edmir Putin, la coordinaci\u00f3n de esfuerzos en la lucha contra el Estado Isl\u00e1mico y los plazos para cumplir con sus objetivos.<\/p>\n<p>Fady M., Lynn A.<\/p>\n","protected":false},"excerpt":{"rendered":"<p>Paris, SANA El presidente franc\u00e9s, Fran\u00e7ois Hollande, anunci\u00f3 que las operaciones de la Fuerza A\u00e9rea francesa en Siria se han intensificado y que en el portaaviones Charles De Gaulle, que zarp\u00f3 rumbo a Siria, ya se efect\u00faan operaciones militares. Hollande afirm\u00f3 que &#8220;la operaci\u00f3n policial en Saint-Denis demuestra que Francia est\u00e1 en estado de guerra &hellip;<\/p>\n","protected":false},"author":24,"featured_media":33759,"comment_status":"closed","ping_status":"closed","sticky":false,"template":"","format":"standard","meta":{"footnotes":""},"categories":[456,457,576],"tags":[],"class_list":["post-33758","post","type-post","status-publish","format-standard","has-post-thumbnail","","category-arabe-internacional-politica","category-noticias-arabe-internacional-politica","category-noticias-politicas"],"_links":{"self":[{"href":"https:\/\/archive.sana.sy\/es\/index.php?rest_route=\/wp\/v2\/posts\/33758"}],"collection":[{"href":"https:\/\/archive.sana.sy\/es\/index.php?rest_route=\/wp\/v2\/posts"}],"about":[{"href":"https:\/\/archive.sana.sy\/es\/index.php?rest_route=\/wp\/v2\/types\/post"}],"author":[{"embeddable":true,"href":"https:\/\/archive.sana.sy\/es\/index.php?rest_route=\/wp\/v2\/users\/24"}],"replies":[{"embeddable":true,"href":"https:\/\/archive.sana.sy\/es\/index.php?rest_route=%2Fwp%2Fv2%2Fcomments&post=33758"}],"version-history":[{"count":0,"href":"https:\/\/archive.sana.sy\/es\/index.php?rest_route=\/wp\/v2\/posts\/33758\/revisions"}],"wp:featuredmedia":[{"embeddable":true,"href":"https:\/\/archive.sana.sy\/es\/index.php?rest_route=\/wp\/v2\/media\/33759"}],"wp:attachment":[{"href":"https:\/\/archive.sana.sy\/es\/index.php?rest_route=%2Fwp%2Fv2%2Fmedia&parent=33758"}],"wp:term":[{"taxonomy":"category","embeddable":true,"href":"https:\/\/archive.sana.sy\/es\/index.php?rest_route=%2Fwp%2Fv2%2Fcategories&post=33758"},{"taxonomy":"post_tag","embeddable":true,"href":"https:\/\/archive.sana.sy\/es\/index.php?rest_route=%2Fwp%2Fv2%2Ftags&post=33758"}],"curies":[{"name":"wp","href":"https:\/\/api.w.org\/{rel}","templated":true}]}}