{"id":337582,"date":"2024-09-08T10:32:32","date_gmt":"2024-09-08T07:32:32","guid":{"rendered":"https:\/\/sana.sy\/es\/?p=337582"},"modified":"2024-09-08T10:32:42","modified_gmt":"2024-09-08T07:32:42","slug":"resistencia-libanesa-ataca-posiciones-militares-israelies-en-los-asentamientos-de-kiryat-shmona-y-shamir","status":"publish","type":"post","link":"https:\/\/archive.sana.sy\/es\/?p=337582","title":{"rendered":"Resistencia libanesa ataca posiciones militares israel\u00edes en los asentamientos de Kiryat Shmona y Shamir"},"content":{"rendered":"<p style=\"text-align: justify;\"><strong><span style=\"color: #800000;\">Beirut, 8 sep (SANA)\u00a0<\/span> <\/strong>\u00a0La resistencia libanesa atac\u00f3 las posiciones militares israel\u00edes con andanadas de cohetes, en los asentamientos de Kiryat Shmona y Shamir en el norte de la Palestina ocupada.<\/p>\n<p style=\"text-align: justify;\">Los ataques fueron en respuesta a las agresiones israel\u00edes contra equipos m\u00e9dicos libaneses en la localidad sure\u00f1a de Fara\u00f3n, y en apoyo de el pueblo de la Franja de Gaza y su resistencia.<\/p>\n<p style=\"text-align: justify;\">Por medio de un comunicado, la Resistencia indic\u00f3 que sus combatientes atacaron al enemigo israel\u00ed en los asentamientos de Kiryat Shmona y Shamir con misiles pesados.<\/p>\n<p style=\"text-align: justify;\">Tres param\u00e9dicos libaneses murieron la v\u00edspera y otros dos resultaron heridos por ataque israel\u00ed a un equipo de defensa civil que estaba extinguiendo incendios iniciados por las incursiones israel\u00edes en Faron, al sur del L\u00edbano.<\/p>\n<p style=\"text-align: justify;\"><strong>fm\/ws<\/strong><\/p>\n","protected":false},"excerpt":{"rendered":"<p>Beirut, 8 sep (SANA)\u00a0 \u00a0La resistencia libanesa atac\u00f3 las posiciones militares israel\u00edes con andanadas de cohetes, en los asentamientos de Kiryat Shmona y Shamir en el norte de la Palestina ocupada. Los ataques fueron en respuesta a las agresiones israel\u00edes contra equipos m\u00e9dicos libaneses en la localidad sure\u00f1a de Fara\u00f3n, y en apoyo de el &hellip;<\/p>\n","protected":false},"author":35,"featured_media":337583,"comment_status":"closed","ping_status":"closed","sticky":false,"template":"","format":"standard","meta":{"footnotes":""},"categories":[597,456,16687,20724,7541],"tags":[],"class_list":["post-337582","post","type-post","status-publish","format-standard","has-post-thumbnail","","category-cinta-de-noticias","category-arabe-internacional-politica","category-internacionales","category-minuto-a-minuto","category-ultimas-noticias"],"_links":{"self":[{"href":"https:\/\/archive.sana.sy\/es\/index.php?rest_route=\/wp\/v2\/posts\/337582"}],"collection":[{"href":"https:\/\/archive.sana.sy\/es\/index.php?rest_route=\/wp\/v2\/posts"}],"about":[{"href":"https:\/\/archive.sana.sy\/es\/index.php?rest_route=\/wp\/v2\/types\/post"}],"author":[{"embeddable":true,"href":"https:\/\/archive.sana.sy\/es\/index.php?rest_route=\/wp\/v2\/users\/35"}],"replies":[{"embeddable":true,"href":"https:\/\/archive.sana.sy\/es\/index.php?rest_route=%2Fwp%2Fv2%2Fcomments&post=337582"}],"version-history":[{"count":2,"href":"https:\/\/archive.sana.sy\/es\/index.php?rest_route=\/wp\/v2\/posts\/337582\/revisions"}],"predecessor-version":[{"id":337585,"href":"https:\/\/archive.sana.sy\/es\/index.php?rest_route=\/wp\/v2\/posts\/337582\/revisions\/337585"}],"wp:featuredmedia":[{"embeddable":true,"href":"https:\/\/archive.sana.sy\/es\/index.php?rest_route=\/wp\/v2\/media\/337583"}],"wp:attachment":[{"href":"https:\/\/archive.sana.sy\/es\/index.php?rest_route=%2Fwp%2Fv2%2Fmedia&parent=337582"}],"wp:term":[{"taxonomy":"category","embeddable":true,"href":"https:\/\/archive.sana.sy\/es\/index.php?rest_route=%2Fwp%2Fv2%2Fcategories&post=337582"},{"taxonomy":"post_tag","embeddable":true,"href":"https:\/\/archive.sana.sy\/es\/index.php?rest_route=%2Fwp%2Fv2%2Ftags&post=337582"}],"curies":[{"name":"wp","href":"https:\/\/api.w.org\/{rel}","templated":true}]}}