{"id":337612,"date":"2024-09-08T15:02:56","date_gmt":"2024-09-08T12:02:56","guid":{"rendered":"https:\/\/sana.sy\/es\/?p=337612"},"modified":"2024-09-08T15:03:15","modified_gmt":"2024-09-08T12:03:15","slug":"eeuu-y-reino-unido-reanuden-sus-bombardeos-aereos-contra-yemen","status":"publish","type":"post","link":"https:\/\/archive.sana.sy\/es\/?p=337612","title":{"rendered":"EEUU y Reino Unido reanuden sus bombardeos a\u00e9reos contra Yemen"},"content":{"rendered":"<p style=\"text-align: justify;\"><span style=\"color: #800000;\"><strong>San\u00e1, 8 sep (SANA)\u00a0<\/strong><\/span> Los aviones de combate estadounidenses y brit\u00e1nicos perpetraron una nueva agresi\u00f3n contra la provincia de Ibb en Yemen.<\/p>\n<p style=\"text-align: justify;\">La Agencia de Noticias Yemen\u00ed inform\u00f3 que la coalici\u00f3n estadounidense-brit\u00e1nica lanz\u00f3 tres ataques contra la zona de Maitam, al este de la referida gobernaci\u00f3n.<\/p>\n<p style=\"text-align: justify;\">El s\u00e1bado, las fuerzas armadas yemen\u00edes derribaron un dron estadounidense \u201cMQ9\u201d mientras llevaba a cabo acciones hostiles en la gobernaci\u00f3n de Mareb.<\/p>\n<p style=\"text-align: justify;\"><span style=\"color: #800000;\"><strong>ws\/fm<\/strong><\/span><\/p>\n<p style=\"text-align: justify;\">\n","protected":false},"excerpt":{"rendered":"<p>San\u00e1, 8 sep (SANA)\u00a0 Los aviones de combate estadounidenses y brit\u00e1nicos perpetraron una nueva agresi\u00f3n contra la provincia de Ibb en Yemen. La Agencia de Noticias Yemen\u00ed inform\u00f3 que la coalici\u00f3n estadounidense-brit\u00e1nica lanz\u00f3 tres ataques contra la zona de Maitam, al este de la referida gobernaci\u00f3n. El s\u00e1bado, las fuerzas armadas yemen\u00edes derribaron un dron &hellip;<\/p>\n","protected":false},"author":35,"featured_media":337613,"comment_status":"closed","ping_status":"closed","sticky":false,"template":"","format":"standard","meta":{"footnotes":""},"categories":[597,456,16687,20724,7541],"tags":[],"class_list":["post-337612","post","type-post","status-publish","format-standard","has-post-thumbnail","","category-cinta-de-noticias","category-arabe-internacional-politica","category-internacionales","category-minuto-a-minuto","category-ultimas-noticias"],"_links":{"self":[{"href":"https:\/\/archive.sana.sy\/es\/index.php?rest_route=\/wp\/v2\/posts\/337612"}],"collection":[{"href":"https:\/\/archive.sana.sy\/es\/index.php?rest_route=\/wp\/v2\/posts"}],"about":[{"href":"https:\/\/archive.sana.sy\/es\/index.php?rest_route=\/wp\/v2\/types\/post"}],"author":[{"embeddable":true,"href":"https:\/\/archive.sana.sy\/es\/index.php?rest_route=\/wp\/v2\/users\/35"}],"replies":[{"embeddable":true,"href":"https:\/\/archive.sana.sy\/es\/index.php?rest_route=%2Fwp%2Fv2%2Fcomments&post=337612"}],"version-history":[{"count":2,"href":"https:\/\/archive.sana.sy\/es\/index.php?rest_route=\/wp\/v2\/posts\/337612\/revisions"}],"predecessor-version":[{"id":337615,"href":"https:\/\/archive.sana.sy\/es\/index.php?rest_route=\/wp\/v2\/posts\/337612\/revisions\/337615"}],"wp:featuredmedia":[{"embeddable":true,"href":"https:\/\/archive.sana.sy\/es\/index.php?rest_route=\/wp\/v2\/media\/337613"}],"wp:attachment":[{"href":"https:\/\/archive.sana.sy\/es\/index.php?rest_route=%2Fwp%2Fv2%2Fmedia&parent=337612"}],"wp:term":[{"taxonomy":"category","embeddable":true,"href":"https:\/\/archive.sana.sy\/es\/index.php?rest_route=%2Fwp%2Fv2%2Fcategories&post=337612"},{"taxonomy":"post_tag","embeddable":true,"href":"https:\/\/archive.sana.sy\/es\/index.php?rest_route=%2Fwp%2Fv2%2Ftags&post=337612"}],"curies":[{"name":"wp","href":"https:\/\/api.w.org\/{rel}","templated":true}]}}