{"id":337616,"date":"2024-09-08T15:13:06","date_gmt":"2024-09-08T12:13:06","guid":{"rendered":"https:\/\/sana.sy\/es\/?p=337616"},"modified":"2024-09-08T15:13:06","modified_gmt":"2024-09-08T12:13:06","slug":"ejercito-israeli-bombardeo-16-escuelas-con-desplazados-en-gaza","status":"publish","type":"post","link":"https:\/\/archive.sana.sy\/es\/?p=337616","title":{"rendered":"Ej\u00e9rcito israel\u00ed bombarde\u00f3 16 escuelas con desplazados en Gaza"},"content":{"rendered":"<p style=\"text-align: justify;\"><span style=\"color: #800000;\"><strong>Ginebra, 8 sep (SANA)<\/strong> <\/span>El Observatorio Euro-Mediterr\u00e1neo de Derechos Humanos afirm\u00f3 hoy que el ocupante israel\u00ed bombarde\u00f3 en menos de un mes a 16 escuelas convertidos en centros de refugiados, en la Franja de Gaza.<\/p>\n<p style=\"text-align: justify;\">\u201cEl ej\u00e9rcito ocupante atac\u00f3 viviendas residenciales y centros de refugio y sus alrededores en la ciudad de Gaza y a su norte\u201d explic\u00f3 el Observatorio.<\/p>\n<p style=\"text-align: justify;\">Indic\u00f3 que atacar y destruir escuelas es parte de la implementaci\u00f3n real del crimen de genocidio en la Franja de Gaza y tiene como objetivo eliminar al mayor n\u00famero de palestinos mediante matanzas y desplazamientos forzados.<\/p>\n<p style=\"text-align: justify;\">La entidad agreg\u00f3 que \u201cIsrael\u201d est\u00e1 destruyendo deliberadamente los centros de refugio restantes para obligar a los palestinos a abandonar sus zonas residenciales y desplazarse por la fuerza hacia el centro y el sur del enclave costero.<\/p>\n<p style=\"text-align: justify;\">Denunci\u00f3 la complicidad de Washington y los pa\u00edses europeos y el silencio internacional y la falta de adopci\u00f3n de medidas efectivas para detener el crimen de genocidio.<\/p>\n<p style=\"text-align: justify;\">Por otro lado, el Observatorio pidi\u00f3 que los pa\u00edses que son c\u00f3mplices y socios de \u201cIsrael\u201d que rindan cuentas por cometer cr\u00edmenes contra los palestinos.<\/p>\n<p style=\"text-align: justify;\">as\/fm<\/p>\n","protected":false},"excerpt":{"rendered":"<p>Ginebra, 8 sep (SANA) El Observatorio Euro-Mediterr\u00e1neo de Derechos Humanos afirm\u00f3 hoy que el ocupante israel\u00ed bombarde\u00f3 en menos de un mes a 16 escuelas convertidos en centros de refugiados, en la Franja de Gaza. \u201cEl ej\u00e9rcito ocupante atac\u00f3 viviendas residenciales y centros de refugio y sus alrededores en la ciudad de Gaza y a &hellip;<\/p>\n","protected":false},"author":42,"featured_media":337617,"comment_status":"closed","ping_status":"closed","sticky":false,"template":"","format":"standard","meta":{"footnotes":""},"categories":[597,456,16687,20724,7541],"tags":[],"class_list":["post-337616","post","type-post","status-publish","format-standard","has-post-thumbnail","","category-cinta-de-noticias","category-arabe-internacional-politica","category-internacionales","category-minuto-a-minuto","category-ultimas-noticias"],"_links":{"self":[{"href":"https:\/\/archive.sana.sy\/es\/index.php?rest_route=\/wp\/v2\/posts\/337616"}],"collection":[{"href":"https:\/\/archive.sana.sy\/es\/index.php?rest_route=\/wp\/v2\/posts"}],"about":[{"href":"https:\/\/archive.sana.sy\/es\/index.php?rest_route=\/wp\/v2\/types\/post"}],"author":[{"embeddable":true,"href":"https:\/\/archive.sana.sy\/es\/index.php?rest_route=\/wp\/v2\/users\/42"}],"replies":[{"embeddable":true,"href":"https:\/\/archive.sana.sy\/es\/index.php?rest_route=%2Fwp%2Fv2%2Fcomments&post=337616"}],"version-history":[{"count":1,"href":"https:\/\/archive.sana.sy\/es\/index.php?rest_route=\/wp\/v2\/posts\/337616\/revisions"}],"predecessor-version":[{"id":337618,"href":"https:\/\/archive.sana.sy\/es\/index.php?rest_route=\/wp\/v2\/posts\/337616\/revisions\/337618"}],"wp:featuredmedia":[{"embeddable":true,"href":"https:\/\/archive.sana.sy\/es\/index.php?rest_route=\/wp\/v2\/media\/337617"}],"wp:attachment":[{"href":"https:\/\/archive.sana.sy\/es\/index.php?rest_route=%2Fwp%2Fv2%2Fmedia&parent=337616"}],"wp:term":[{"taxonomy":"category","embeddable":true,"href":"https:\/\/archive.sana.sy\/es\/index.php?rest_route=%2Fwp%2Fv2%2Fcategories&post=337616"},{"taxonomy":"post_tag","embeddable":true,"href":"https:\/\/archive.sana.sy\/es\/index.php?rest_route=%2Fwp%2Fv2%2Ftags&post=337616"}],"curies":[{"name":"wp","href":"https:\/\/api.w.org\/{rel}","templated":true}]}}