{"id":337619,"date":"2024-09-08T15:17:30","date_gmt":"2024-09-08T12:17:30","guid":{"rendered":"https:\/\/sana.sy\/es\/?p=337619"},"modified":"2024-09-08T15:17:53","modified_gmt":"2024-09-08T12:17:53","slug":"defensa-antiaerea-rusa-derriba-tres-drones-ucranianos-sobre-dos-provincias-rusas","status":"publish","type":"post","link":"https:\/\/archive.sana.sy\/es\/?p=337619","title":{"rendered":"Defensa antia\u00e9rea rusa derriba tres drones ucranianos sobre dos provincias rusas"},"content":{"rendered":"<p style=\"text-align: justify;\"><span style=\"color: #800000;\"><strong>Mosc\u00fa, 8 sep (SANA) <\/strong><\/span>Los sistemas de defensa a\u00e9rea rusos derribaron tres drones ucranianos sobre las provincias rusas de B\u00e9lgorod y Kursk.<\/p>\n<p style=\"text-align: justify;\">&#8220;Se frustraron intentos del r\u00e9gimen de Kiev de lanzar un ataque terrorista con drones contra objetivos en territorio ruso y los sistemas de defensa a\u00e9rea destruyeron 3 veh\u00edculos a\u00e9reos sobre B\u00e9lgorod y Kursk&#8221;, inform\u00f3 el Ministerio de Defensa ruso.<\/p>\n<p style=\"text-align: justify;\">Las fuerzas ucranianas atacan repetidamente con misiles las instalaciones civiles dentro del territorio ruso, especialmente las zonas fronterizas.<\/p>\n<p style=\"text-align: justify;\">as\/fm<\/p>\n","protected":false},"excerpt":{"rendered":"<p>Mosc\u00fa, 8 sep (SANA) Los sistemas de defensa a\u00e9rea rusos derribaron tres drones ucranianos sobre las provincias rusas de B\u00e9lgorod y Kursk. &#8220;Se frustraron intentos del r\u00e9gimen de Kiev de lanzar un ataque terrorista con drones contra objetivos en territorio ruso y los sistemas de defensa a\u00e9rea destruyeron 3 veh\u00edculos a\u00e9reos sobre B\u00e9lgorod y Kursk&#8221;, &hellip;<\/p>\n","protected":false},"author":42,"featured_media":337620,"comment_status":"closed","ping_status":"closed","sticky":false,"template":"","format":"standard","meta":{"footnotes":""},"categories":[597,456,16687,20724,7541],"tags":[],"class_list":["post-337619","post","type-post","status-publish","format-standard","has-post-thumbnail","","category-cinta-de-noticias","category-arabe-internacional-politica","category-internacionales","category-minuto-a-minuto","category-ultimas-noticias"],"_links":{"self":[{"href":"https:\/\/archive.sana.sy\/es\/index.php?rest_route=\/wp\/v2\/posts\/337619"}],"collection":[{"href":"https:\/\/archive.sana.sy\/es\/index.php?rest_route=\/wp\/v2\/posts"}],"about":[{"href":"https:\/\/archive.sana.sy\/es\/index.php?rest_route=\/wp\/v2\/types\/post"}],"author":[{"embeddable":true,"href":"https:\/\/archive.sana.sy\/es\/index.php?rest_route=\/wp\/v2\/users\/42"}],"replies":[{"embeddable":true,"href":"https:\/\/archive.sana.sy\/es\/index.php?rest_route=%2Fwp%2Fv2%2Fcomments&post=337619"}],"version-history":[{"count":1,"href":"https:\/\/archive.sana.sy\/es\/index.php?rest_route=\/wp\/v2\/posts\/337619\/revisions"}],"predecessor-version":[{"id":337621,"href":"https:\/\/archive.sana.sy\/es\/index.php?rest_route=\/wp\/v2\/posts\/337619\/revisions\/337621"}],"wp:featuredmedia":[{"embeddable":true,"href":"https:\/\/archive.sana.sy\/es\/index.php?rest_route=\/wp\/v2\/media\/337620"}],"wp:attachment":[{"href":"https:\/\/archive.sana.sy\/es\/index.php?rest_route=%2Fwp%2Fv2%2Fmedia&parent=337619"}],"wp:term":[{"taxonomy":"category","embeddable":true,"href":"https:\/\/archive.sana.sy\/es\/index.php?rest_route=%2Fwp%2Fv2%2Fcategories&post=337619"},{"taxonomy":"post_tag","embeddable":true,"href":"https:\/\/archive.sana.sy\/es\/index.php?rest_route=%2Fwp%2Fv2%2Ftags&post=337619"}],"curies":[{"name":"wp","href":"https:\/\/api.w.org\/{rel}","templated":true}]}}