{"id":337624,"date":"2024-09-08T16:11:31","date_gmt":"2024-09-08T13:11:31","guid":{"rendered":"https:\/\/sana.sy\/es\/?p=337624"},"modified":"2024-09-08T16:11:31","modified_gmt":"2024-09-08T13:11:31","slug":"suman-37-los-ninos-muertos-en-gaza-por-desnutricion-desde-octubre","status":"publish","type":"post","link":"https:\/\/archive.sana.sy\/es\/?p=337624","title":{"rendered":"Suman 37 los ni\u00f1os muertos en Gaza por desnutrici\u00f3n desde octubre"},"content":{"rendered":"<p style=\"text-align: justify;\"><span style=\"color: #800000;\"><strong>Jerusal\u00e9n ocupada, 8 sep (SANA)<\/strong><\/span> Al menos 37 ni\u00f1os murieron en la Franja de Gaza por desnutrici\u00f3n desde el inicio hace 11 meses de la guerra israel\u00ed contra este enclave costero.<\/p>\n<p>Las autoridades de salud anunciaron que la \u00faltima v\u00edctima mortal por la falta de alimentos fue Yaqeen Al-Astal, oriundo de la ciudad de Khan Yunis, quien falleci\u00f3 este s\u00e1bado.<\/p>\n<p style=\"text-align: justify;\">El Programa Mundial de Alimentos (PMA) advirti\u00f3 que la obtenci\u00f3n de comida es un grave problema en Gaza, a lo cual se suma la escasez de agua potable, la crisis de salud y el colapso del sistema de saneamiento.<\/p>\n<p style=\"text-align: justify;\">El PMA critic\u00f3 las continuas \u00f3rdenes de evacuaci\u00f3n del Ej\u00e9rcito israel\u00ed al considerar que obstaculizan, a\u00fan m\u00e1s, la capacidad de las organizaciones humanitarias para responder a la crisis.<\/p>\n<p style=\"text-align: justify;\">Por su parte, el Fondo de Naciones Unidas para la Infancia (Unicef) estima que el 90 por ciento de los ni\u00f1os en la Franja sufre pobreza alimentaria severa y sobrevive con dos o menos grupos de comida por d\u00eda.<\/p>\n<p style=\"text-align: justify;\">Mientras, la ong Acci\u00f3n contra el Hambre subray\u00f3 que m\u00e1s de medio mill\u00f3n de menores y madres necesitan asistencia nutricional en ese territorio, mientras la mitad de la poblaci\u00f3n all\u00ed sufre por falta de alimentos.<\/p>\n<p style=\"text-align: justify;\">fm\/as<\/p>\n","protected":false},"excerpt":{"rendered":"<p>Jerusal\u00e9n ocupada, 8 sep (SANA) Al menos 37 ni\u00f1os murieron en la Franja de Gaza por desnutrici\u00f3n desde el inicio hace 11 meses de la guerra israel\u00ed contra este enclave costero. Las autoridades de salud anunciaron que la \u00faltima v\u00edctima mortal por la falta de alimentos fue Yaqeen Al-Astal, oriundo de la ciudad de Khan &hellip;<\/p>\n","protected":false},"author":42,"featured_media":337625,"comment_status":"closed","ping_status":"closed","sticky":false,"template":"","format":"standard","meta":{"footnotes":""},"categories":[597,456,16687,20724,583],"tags":[],"class_list":["post-337624","post","type-post","status-publish","format-standard","has-post-thumbnail","","category-cinta-de-noticias","category-arabe-internacional-politica","category-internacionales","category-minuto-a-minuto","category-slide"],"_links":{"self":[{"href":"https:\/\/archive.sana.sy\/es\/index.php?rest_route=\/wp\/v2\/posts\/337624"}],"collection":[{"href":"https:\/\/archive.sana.sy\/es\/index.php?rest_route=\/wp\/v2\/posts"}],"about":[{"href":"https:\/\/archive.sana.sy\/es\/index.php?rest_route=\/wp\/v2\/types\/post"}],"author":[{"embeddable":true,"href":"https:\/\/archive.sana.sy\/es\/index.php?rest_route=\/wp\/v2\/users\/42"}],"replies":[{"embeddable":true,"href":"https:\/\/archive.sana.sy\/es\/index.php?rest_route=%2Fwp%2Fv2%2Fcomments&post=337624"}],"version-history":[{"count":1,"href":"https:\/\/archive.sana.sy\/es\/index.php?rest_route=\/wp\/v2\/posts\/337624\/revisions"}],"predecessor-version":[{"id":337626,"href":"https:\/\/archive.sana.sy\/es\/index.php?rest_route=\/wp\/v2\/posts\/337624\/revisions\/337626"}],"wp:featuredmedia":[{"embeddable":true,"href":"https:\/\/archive.sana.sy\/es\/index.php?rest_route=\/wp\/v2\/media\/337625"}],"wp:attachment":[{"href":"https:\/\/archive.sana.sy\/es\/index.php?rest_route=%2Fwp%2Fv2%2Fmedia&parent=337624"}],"wp:term":[{"taxonomy":"category","embeddable":true,"href":"https:\/\/archive.sana.sy\/es\/index.php?rest_route=%2Fwp%2Fv2%2Fcategories&post=337624"},{"taxonomy":"post_tag","embeddable":true,"href":"https:\/\/archive.sana.sy\/es\/index.php?rest_route=%2Fwp%2Fv2%2Ftags&post=337624"}],"curies":[{"name":"wp","href":"https:\/\/api.w.org\/{rel}","templated":true}]}}