{"id":337630,"date":"2024-09-08T19:30:24","date_gmt":"2024-09-08T16:30:24","guid":{"rendered":"https:\/\/sana.sy\/es\/?p=337630"},"modified":"2024-09-08T19:30:24","modified_gmt":"2024-09-08T16:30:24","slug":"siria-y-pakistan-abogan-por-promover-cooperacion-economica-conjunta","status":"publish","type":"post","link":"https:\/\/archive.sana.sy\/es\/?p=337630","title":{"rendered":"Siria y Pakist\u00e1n abogan por promover cooperaci\u00f3n econ\u00f3mica conjunta"},"content":{"rendered":"<p style=\"text-align: justify;\"><span style=\"color: #800000;\"><strong>Damasco, 8 sep (SANA)\u00a0<\/strong><\/span> El Ministro de Comercio Interior del gobierno sirio provisional, Mohsen Abdulkarim Ali, examin\u00f3 hoy con el embajador de Pakist\u00e1n en Damasco, Shahid Akhtar, y varios empresarios y comerciantes paquistan\u00edes, las formas de aumentar el intercambio comercial y mejorar la cooperaci\u00f3n conjunta entre los dos pa\u00edses.<\/p>\n<p style=\"text-align: justify;\">El titular sirio expres\u00f3 la disposici\u00f3n de su ministro a estudiar todas las ideas de cooperaci\u00f3n que surjan de las reuniones entre los dos lados, especialmente el trueque de bienes.<\/p>\n<p style=\"text-align: justify;\">A su vez, el embajador Akhtar expres\u00f3 el deseo de su pa\u00eds de desarrollar las relaciones estrat\u00e9gicas bilaterales en beneficio de los dos pueblos.<\/p>\n<p style=\"text-align: justify;\">Cabe se\u00f1alar que 21 empresarios paquistan\u00edes de la Autoridad de Desarrollo Comercial llegaron a Siria el 5 del mes en curso, con el objetivo de estudiar las formas de fortalecer las relaciones de cooperaci\u00f3n econ\u00f3mica y comercial, y la posibilidad de establecer inversiones conjuntas.<\/p>\n<div id='gallery-1' class='gallery galleryid-337630 gallery-columns-1 gallery-size-full'><figure class='gallery-item'>\n\t\t\t<div class='gallery-icon landscape'>\n\t\t\t\t<a href='https:\/\/archive.sana.sy\/es\/wp-content\/uploads\/2024\/09\/photo_2024-09-08_16-20-19.jpg'><img loading=\"lazy\" decoding=\"async\" width=\"660\" height=\"573\" src=\"https:\/\/archive.sana.sy\/es\/wp-content\/uploads\/2024\/09\/photo_2024-09-08_16-20-19.jpg\" class=\"attachment-full size-full\" alt=\"\" srcset=\"https:\/\/archive.sana.sy\/es\/wp-content\/uploads\/2024\/09\/photo_2024-09-08_16-20-19.jpg 660w, https:\/\/archive.sana.sy\/es\/wp-content\/uploads\/2024\/09\/photo_2024-09-08_16-20-19-300x260.jpg 300w, https:\/\/archive.sana.sy\/es\/wp-content\/uploads\/2024\/09\/photo_2024-09-08_16-20-19-150x130.jpg 150w\" sizes=\"(max-width: 660px) 100vw, 660px\" \/><\/a>\n\t\t\t<\/div><\/figure>\n\t\t<\/div>\n\n<p style=\"text-align: justify;\">rr<\/p>\n","protected":false},"excerpt":{"rendered":"<p>Damasco, 8 sep (SANA)\u00a0 El Ministro de Comercio Interior del gobierno sirio provisional, Mohsen Abdulkarim Ali, examin\u00f3 hoy con el embajador de Pakist\u00e1n en Damasco, Shahid Akhtar, y varios empresarios y comerciantes paquistan\u00edes, las formas de aumentar el intercambio comercial y mejorar la cooperaci\u00f3n conjunta entre los dos pa\u00edses. El titular sirio expres\u00f3 la disposici\u00f3n &hellip;<\/p>\n","protected":false},"author":31,"featured_media":337631,"comment_status":"closed","ping_status":"closed","sticky":false,"template":"","format":"standard","meta":{"footnotes":""},"categories":[597,476,467,7541],"tags":[],"class_list":["post-337630","post","type-post","status-publish","format-standard","has-post-thumbnail","","category-cinta-de-noticias","category-locales","category-siria-y-el-mundo","category-ultimas-noticias"],"_links":{"self":[{"href":"https:\/\/archive.sana.sy\/es\/index.php?rest_route=\/wp\/v2\/posts\/337630"}],"collection":[{"href":"https:\/\/archive.sana.sy\/es\/index.php?rest_route=\/wp\/v2\/posts"}],"about":[{"href":"https:\/\/archive.sana.sy\/es\/index.php?rest_route=\/wp\/v2\/types\/post"}],"author":[{"embeddable":true,"href":"https:\/\/archive.sana.sy\/es\/index.php?rest_route=\/wp\/v2\/users\/31"}],"replies":[{"embeddable":true,"href":"https:\/\/archive.sana.sy\/es\/index.php?rest_route=%2Fwp%2Fv2%2Fcomments&post=337630"}],"version-history":[{"count":1,"href":"https:\/\/archive.sana.sy\/es\/index.php?rest_route=\/wp\/v2\/posts\/337630\/revisions"}],"predecessor-version":[{"id":337633,"href":"https:\/\/archive.sana.sy\/es\/index.php?rest_route=\/wp\/v2\/posts\/337630\/revisions\/337633"}],"wp:featuredmedia":[{"embeddable":true,"href":"https:\/\/archive.sana.sy\/es\/index.php?rest_route=\/wp\/v2\/media\/337631"}],"wp:attachment":[{"href":"https:\/\/archive.sana.sy\/es\/index.php?rest_route=%2Fwp%2Fv2%2Fmedia&parent=337630"}],"wp:term":[{"taxonomy":"category","embeddable":true,"href":"https:\/\/archive.sana.sy\/es\/index.php?rest_route=%2Fwp%2Fv2%2Fcategories&post=337630"},{"taxonomy":"post_tag","embeddable":true,"href":"https:\/\/archive.sana.sy\/es\/index.php?rest_route=%2Fwp%2Fv2%2Ftags&post=337630"}],"curies":[{"name":"wp","href":"https:\/\/api.w.org\/{rel}","templated":true}]}}