{"id":337698,"date":"2024-09-09T16:20:08","date_gmt":"2024-09-09T13:20:08","guid":{"rendered":"https:\/\/sana.sy\/es\/?p=337698"},"modified":"2024-09-09T16:20:08","modified_gmt":"2024-09-09T13:20:08","slug":"resistentes-libaneses-bombardean-sitios-militares-israelies","status":"publish","type":"post","link":"https:\/\/archive.sana.sy\/es\/?p=337698","title":{"rendered":"Resistentes libaneses bombardean sitios militares israel\u00edes"},"content":{"rendered":"<p style=\"text-align: justify;\"><span style=\"color: #800000;\"><strong>Beirut, 09 sep (SANA)\u00a0 \u00a0<\/strong><\/span>La resistencia libanesa atac\u00f3 hoy varias posiciones del enemigo israel\u00ed en la frontera libanesa y dentro de los territorios palestinos ocupados, logrando impactos confirmados.<\/p>\n<p style=\"text-align: justify;\">\u201cEn apoyo a nuestro firme pueblo palestino en la Franja de Gaza y a su valiente resistencia, y en respuesta a las agresiones del ocupante sionista contra el sur del L\u00edbano, nuestros combatientes lanzaron un ataque a\u00e9reo con enjambres de drones de asalto contra la sede del Comando de la Brigada Golani y la sede de la uinidad Egoz 621 en el cuartel de Sharaga, al norte de la ciudad ocupada de Akka, apuntando a las posiciones de los oficiales y soldados enemigos all\u00ed, causando bajas confirmadas\u201d, declar\u00f3 la resistencia.<\/p>\n<p style=\"text-align: justify;\">Adem\u00e1s , los resistentes libaneses bombardearon con una andanada de cohetes Katyusha el cuartel general\u00a0 reci\u00e9n establecido del Comando de la Brigada Occidental en el sur del Cuartel de Yara, y tambi\u00e9n atacaron al enemigo israel\u00ed con proyectiles de artiller\u00eda en el sitio de Al-Marj.<\/p>\n<p style=\"text-align: justify;\">Asimismo, la unidad de defensa a\u00e9rea de la resistencia intercept\u00f3 un avi\u00f3n de combate israel\u00ed y le dispar\u00f3 un misil tierra-aire, oblig\u00e1ndolo a abandonar el espacio a\u00e9reo liban\u00e9s y retirarse.<\/p>\n<p style=\"text-align: justify;\">sm<\/p>\n","protected":false},"excerpt":{"rendered":"<p>Beirut, 09 sep (SANA)\u00a0 \u00a0La resistencia libanesa atac\u00f3 hoy varias posiciones del enemigo israel\u00ed en la frontera libanesa y dentro de los territorios palestinos ocupados, logrando impactos confirmados. \u201cEn apoyo a nuestro firme pueblo palestino en la Franja de Gaza y a su valiente resistencia, y en respuesta a las agresiones del ocupante sionista contra &hellip;<\/p>\n","protected":false},"author":39,"featured_media":337699,"comment_status":"closed","ping_status":"closed","sticky":false,"template":"","format":"standard","meta":{"footnotes":""},"categories":[597,456,16687,20724,7541],"tags":[],"class_list":["post-337698","post","type-post","status-publish","format-standard","has-post-thumbnail","","category-cinta-de-noticias","category-arabe-internacional-politica","category-internacionales","category-minuto-a-minuto","category-ultimas-noticias"],"_links":{"self":[{"href":"https:\/\/archive.sana.sy\/es\/index.php?rest_route=\/wp\/v2\/posts\/337698"}],"collection":[{"href":"https:\/\/archive.sana.sy\/es\/index.php?rest_route=\/wp\/v2\/posts"}],"about":[{"href":"https:\/\/archive.sana.sy\/es\/index.php?rest_route=\/wp\/v2\/types\/post"}],"author":[{"embeddable":true,"href":"https:\/\/archive.sana.sy\/es\/index.php?rest_route=\/wp\/v2\/users\/39"}],"replies":[{"embeddable":true,"href":"https:\/\/archive.sana.sy\/es\/index.php?rest_route=%2Fwp%2Fv2%2Fcomments&post=337698"}],"version-history":[{"count":1,"href":"https:\/\/archive.sana.sy\/es\/index.php?rest_route=\/wp\/v2\/posts\/337698\/revisions"}],"predecessor-version":[{"id":337700,"href":"https:\/\/archive.sana.sy\/es\/index.php?rest_route=\/wp\/v2\/posts\/337698\/revisions\/337700"}],"wp:featuredmedia":[{"embeddable":true,"href":"https:\/\/archive.sana.sy\/es\/index.php?rest_route=\/wp\/v2\/media\/337699"}],"wp:attachment":[{"href":"https:\/\/archive.sana.sy\/es\/index.php?rest_route=%2Fwp%2Fv2%2Fmedia&parent=337698"}],"wp:term":[{"taxonomy":"category","embeddable":true,"href":"https:\/\/archive.sana.sy\/es\/index.php?rest_route=%2Fwp%2Fv2%2Fcategories&post=337698"},{"taxonomy":"post_tag","embeddable":true,"href":"https:\/\/archive.sana.sy\/es\/index.php?rest_route=%2Fwp%2Fv2%2Ftags&post=337698"}],"curies":[{"name":"wp","href":"https:\/\/api.w.org\/{rel}","templated":true}]}}