{"id":337705,"date":"2024-09-09T16:52:09","date_gmt":"2024-09-09T13:52:09","guid":{"rendered":"https:\/\/sana.sy\/es\/?p=337705"},"modified":"2024-09-09T17:46:32","modified_gmt":"2024-09-09T14:46:32","slug":"ascienden-a-casi-41-mil-los-palestinos-muertos-en-gaza-por-agresiones-israelies","status":"publish","type":"post","link":"https:\/\/archive.sana.sy\/es\/?p=337705","title":{"rendered":"Ascienden a casi 41 mil los palestinos muertos en Gaza por agresiones israel\u00edes"},"content":{"rendered":"<p style=\"text-align: justify;\"><span style=\"color: #800000;\"><strong>Jerusal\u00e9n ocupada, 9 sep (SANA)<\/strong> <\/span>Durante el \u00faltimo d\u00eda, las fuerzas de ocupaci\u00f3n israel\u00edes cometieron dos masacres en la Franja de Gaza, con un saldo de 16 muertos y 64 heridos, inform\u00f3 el Ministerio de Salud palestino.<br \/>\nIndic\u00f3 que, durante 339 d\u00edas de la agresi\u00f3n, la cifra de muertos lleg\u00f3 a 40.988 y la de los heridos a 94.825.<\/p>\n<p style=\"text-align: justify;\">\u201cVarias v\u00edctimas se encuentran a\u00fan bajo los escombros o sus cuerpos est\u00e1n tirados en las carreteras, y los equipos de ambulancias y de defensa civil no pueden llegar a ellas\u201d, detall\u00f3.<\/p>\n<p style=\"text-align: justify;\">Los ataques sionistas perpetrados durante las recientes horas contra viviendas de los civiles en los campos de refugiados de Bureij y Nuseirat en el centro de Gaza, dejaron muertos y heridos a varios palestinos.<\/p>\n<p style=\"text-align: justify;\">La agencia de noticias Wafa inform\u00f3 que cuatro palestinos murieron durante una incursi\u00f3n israel\u00ed contra una casa en el campo de Bureij, mientras otros resultaron heridos.<\/p>\n<p style=\"text-align: justify;\">Otros tres gazat\u00edes sufrieron la misma suerte cuando los aviones de guerra israel\u00edes ejecutaron otra masacre contra una vivienda de los gazat\u00edes, lo que provoc\u00f3 la muerte de tres y la lesi\u00f3n de otros m\u00e1s, agreg\u00f3 el medio.<\/p>\n<p style=\"text-align: justify;\">fm\/sm<\/p>\n","protected":false},"excerpt":{"rendered":"<p>Jerusal\u00e9n ocupada, 9 sep (SANA) Durante el \u00faltimo d\u00eda, las fuerzas de ocupaci\u00f3n israel\u00edes cometieron dos masacres en la Franja de Gaza, con un saldo de 16 muertos y 64 heridos, inform\u00f3 el Ministerio de Salud palestino. Indic\u00f3 que, durante 339 d\u00edas de la agresi\u00f3n, la cifra de muertos lleg\u00f3 a 40.988 y la de &hellip;<\/p>\n","protected":false},"author":39,"featured_media":337706,"comment_status":"closed","ping_status":"closed","sticky":false,"template":"","format":"standard","meta":{"footnotes":""},"categories":[597,456,16687,20724,583],"tags":[],"class_list":["post-337705","post","type-post","status-publish","format-standard","has-post-thumbnail","","category-cinta-de-noticias","category-arabe-internacional-politica","category-internacionales","category-minuto-a-minuto","category-slide"],"_links":{"self":[{"href":"https:\/\/archive.sana.sy\/es\/index.php?rest_route=\/wp\/v2\/posts\/337705"}],"collection":[{"href":"https:\/\/archive.sana.sy\/es\/index.php?rest_route=\/wp\/v2\/posts"}],"about":[{"href":"https:\/\/archive.sana.sy\/es\/index.php?rest_route=\/wp\/v2\/types\/post"}],"author":[{"embeddable":true,"href":"https:\/\/archive.sana.sy\/es\/index.php?rest_route=\/wp\/v2\/users\/39"}],"replies":[{"embeddable":true,"href":"https:\/\/archive.sana.sy\/es\/index.php?rest_route=%2Fwp%2Fv2%2Fcomments&post=337705"}],"version-history":[{"count":1,"href":"https:\/\/archive.sana.sy\/es\/index.php?rest_route=\/wp\/v2\/posts\/337705\/revisions"}],"predecessor-version":[{"id":337707,"href":"https:\/\/archive.sana.sy\/es\/index.php?rest_route=\/wp\/v2\/posts\/337705\/revisions\/337707"}],"wp:featuredmedia":[{"embeddable":true,"href":"https:\/\/archive.sana.sy\/es\/index.php?rest_route=\/wp\/v2\/media\/337706"}],"wp:attachment":[{"href":"https:\/\/archive.sana.sy\/es\/index.php?rest_route=%2Fwp%2Fv2%2Fmedia&parent=337705"}],"wp:term":[{"taxonomy":"category","embeddable":true,"href":"https:\/\/archive.sana.sy\/es\/index.php?rest_route=%2Fwp%2Fv2%2Fcategories&post=337705"},{"taxonomy":"post_tag","embeddable":true,"href":"https:\/\/archive.sana.sy\/es\/index.php?rest_route=%2Fwp%2Fv2%2Ftags&post=337705"}],"curies":[{"name":"wp","href":"https:\/\/api.w.org\/{rel}","templated":true}]}}