{"id":337735,"date":"2024-09-09T20:25:05","date_gmt":"2024-09-09T17:25:05","guid":{"rendered":"https:\/\/sana.sy\/es\/?p=337735"},"modified":"2024-09-10T05:57:53","modified_gmt":"2024-09-10T02:57:53","slug":"apertura-oficial-de-la-embajada-de-arabia-saudita-en-siria","status":"publish","type":"post","link":"https:\/\/archive.sana.sy\/es\/?p=337735","title":{"rendered":"Arabia Saudita reabre oficialmente su embajada en Siria (+ fotos)"},"content":{"rendered":"<p style=\"text-align: justify;\"><span style=\"color: #800000;\"><strong>Damasco, 9 sep (SANA)<\/strong><\/span> El encargado de negocios de la Embajada del Reino de Arabia Saudita en Siria, Abdullah Al-Haris, anunci\u00f3 oficialmente la reapertura de la misi\u00f3n diplom\u00e1tica saudita, en un paso para apoyar y fortalecer las relaciones entre los dos pa\u00edses.<\/p>\n<p style=\"text-align: justify;\">Durante la ceremonia de apertura de la Embajada, el diplom\u00e1tico confirm\u00f3 la voluntad de avanzar y hacer todos los esfuerzos posibles para desarrollar las relaciones bilaterales entre los dos pa\u00edses hermanos.<\/p>\n<p style=\"text-align: justify;\">Consider\u00f3 este d\u00eda como un momento importante en la historia de las relaciones entre los dos pa\u00edses hermanos.<\/p>\n<p style=\"text-align: justify;\"><img loading=\"lazy\" decoding=\"async\" class=\"wp-image-337758 alignleft\" src=\"http:\/\/sana.sy\/es\/wp-content\/uploads\/2024\/09\/DSC_3798-copy.jpg\" alt=\"\" width=\"255\" height=\"174\" srcset=\"https:\/\/archive.sana.sy\/es\/wp-content\/uploads\/2024\/09\/DSC_3798-copy.jpg 660w, https:\/\/archive.sana.sy\/es\/wp-content\/uploads\/2024\/09\/DSC_3798-copy-300x205.jpg 300w, https:\/\/archive.sana.sy\/es\/wp-content\/uploads\/2024\/09\/DSC_3798-copy-150x102.jpg 150w, https:\/\/archive.sana.sy\/es\/wp-content\/uploads\/2024\/09\/DSC_3798-copy-110x75.jpg 110w\" sizes=\"(max-width: 255px) 100vw, 255px\" \/>El ministro adjunto de Asuntos Exteriores y Expatriados, Ayman Raad, destac\u00f3 en declaraciones a SANA, las arraigadas relaciones fraternales y los nexos sociales que unen Siria y Arabia Saudita.<\/p>\n<p style=\"text-align: justify;\">&#8220;Con la reapertura de las embajadas en nuestras dos naciones hermanas, se activar\u00e1n las relaciones y se trabajar\u00e1 para potenciar la acci\u00f3n \u00e1rabe conjunta&#8221;, afirm\u00f3 el funcionario.<\/p>\n<p style=\"text-align: justify;\">A su vez, el director del Departamento de Asuntos \u00c1rabes del Ministerio de Asuntos Exteriores y Expatriados, Riad Abbas, explic\u00f3 que la reapertura de la embajada en Siria representa el comienzo de una nueva fase de cooperaci\u00f3n conjunta que favorecer\u00eda a los intereses de los dos pueblos y del trabajo conjunto, as\u00ed como contribuir\u00eda al bienestar y estabilidad de Siria, Arabia Saudita y los pa\u00edses \u00e1rabes.<\/p>\n<p style=\"text-align: justify;\">fm\/ahs<\/p>\n<div id='gallery-1' class='gallery galleryid-337735 gallery-columns-1 gallery-size-full'><figure class='gallery-item'>\n\t\t\t<div class='gallery-icon landscape'>\n\t\t\t\t<a href='https:\/\/archive.sana.sy\/es\/wp-content\/uploads\/2024\/09\/459004408_925231689634909_7751833177605556351_n.jpg'><img loading=\"lazy\" decoding=\"async\" width=\"2048\" height=\"1365\" src=\"https:\/\/archive.sana.sy\/es\/wp-content\/uploads\/2024\/09\/459004408_925231689634909_7751833177605556351_n.jpg\" class=\"attachment-full size-full\" alt=\"\" srcset=\"https:\/\/archive.sana.sy\/es\/wp-content\/uploads\/2024\/09\/459004408_925231689634909_7751833177605556351_n.jpg 2048w, https:\/\/archive.sana.sy\/es\/wp-content\/uploads\/2024\/09\/459004408_925231689634909_7751833177605556351_n-300x200.jpg 300w, https:\/\/archive.sana.sy\/es\/wp-content\/uploads\/2024\/09\/459004408_925231689634909_7751833177605556351_n-1024x683.jpg 1024w, https:\/\/archive.sana.sy\/es\/wp-content\/uploads\/2024\/09\/459004408_925231689634909_7751833177605556351_n-150x100.jpg 150w, https:\/\/archive.sana.sy\/es\/wp-content\/uploads\/2024\/09\/459004408_925231689634909_7751833177605556351_n-768x512.jpg 768w, https:\/\/archive.sana.sy\/es\/wp-content\/uploads\/2024\/09\/459004408_925231689634909_7751833177605556351_n-1536x1024.jpg 1536w\" sizes=\"(max-width: 2048px) 100vw, 2048px\" \/><\/a>\n\t\t\t<\/div><\/figure><figure class='gallery-item'>\n\t\t\t<div class='gallery-icon landscape'>\n\t\t\t\t<a href='https:\/\/archive.sana.sy\/es\/wp-content\/uploads\/2024\/09\/459109157_925231696301575_3612078397452613282_n.jpg'><img loading=\"lazy\" decoding=\"async\" width=\"2048\" height=\"1365\" src=\"https:\/\/archive.sana.sy\/es\/wp-content\/uploads\/2024\/09\/459109157_925231696301575_3612078397452613282_n.jpg\" class=\"attachment-full size-full\" alt=\"\" srcset=\"https:\/\/archive.sana.sy\/es\/wp-content\/uploads\/2024\/09\/459109157_925231696301575_3612078397452613282_n.jpg 2048w, https:\/\/archive.sana.sy\/es\/wp-content\/uploads\/2024\/09\/459109157_925231696301575_3612078397452613282_n-300x200.jpg 300w, https:\/\/archive.sana.sy\/es\/wp-content\/uploads\/2024\/09\/459109157_925231696301575_3612078397452613282_n-1024x683.jpg 1024w, https:\/\/archive.sana.sy\/es\/wp-content\/uploads\/2024\/09\/459109157_925231696301575_3612078397452613282_n-150x100.jpg 150w, https:\/\/archive.sana.sy\/es\/wp-content\/uploads\/2024\/09\/459109157_925231696301575_3612078397452613282_n-768x512.jpg 768w, https:\/\/archive.sana.sy\/es\/wp-content\/uploads\/2024\/09\/459109157_925231696301575_3612078397452613282_n-1536x1024.jpg 1536w\" sizes=\"(max-width: 2048px) 100vw, 2048px\" \/><\/a>\n\t\t\t<\/div><\/figure><figure class='gallery-item'>\n\t\t\t<div class='gallery-icon landscape'>\n\t\t\t\t<a href='https:\/\/archive.sana.sy\/es\/wp-content\/uploads\/2024\/09\/459052513_925231869634891_485961888627551377_n.jpg'><img loading=\"lazy\" decoding=\"async\" width=\"2048\" height=\"1273\" src=\"https:\/\/archive.sana.sy\/es\/wp-content\/uploads\/2024\/09\/459052513_925231869634891_485961888627551377_n.jpg\" class=\"attachment-full size-full\" alt=\"\" srcset=\"https:\/\/archive.sana.sy\/es\/wp-content\/uploads\/2024\/09\/459052513_925231869634891_485961888627551377_n.jpg 2048w, https:\/\/archive.sana.sy\/es\/wp-content\/uploads\/2024\/09\/459052513_925231869634891_485961888627551377_n-300x186.jpg 300w, https:\/\/archive.sana.sy\/es\/wp-content\/uploads\/2024\/09\/459052513_925231869634891_485961888627551377_n-1024x637.jpg 1024w, https:\/\/archive.sana.sy\/es\/wp-content\/uploads\/2024\/09\/459052513_925231869634891_485961888627551377_n-150x93.jpg 150w, https:\/\/archive.sana.sy\/es\/wp-content\/uploads\/2024\/09\/459052513_925231869634891_485961888627551377_n-768x477.jpg 768w, https:\/\/archive.sana.sy\/es\/wp-content\/uploads\/2024\/09\/459052513_925231869634891_485961888627551377_n-1536x955.jpg 1536w\" sizes=\"(max-width: 2048px) 100vw, 2048px\" \/><\/a>\n\t\t\t<\/div><\/figure>\n\t\t<\/div>\n\n","protected":false},"excerpt":{"rendered":"<p>Damasco, 9 sep (SANA) El encargado de negocios de la Embajada del Reino de Arabia Saudita en Siria, Abdullah Al-Haris, anunci\u00f3 oficialmente la reapertura de la misi\u00f3n diplom\u00e1tica saudita, en un paso para apoyar y fortalecer las relaciones entre los dos pa\u00edses. Durante la ceremonia de apertura de la Embajada, el diplom\u00e1tico confirm\u00f3 la voluntad &hellip;<\/p>\n","protected":false},"author":43,"featured_media":337753,"comment_status":"closed","ping_status":"closed","sticky":false,"template":"","format":"standard","meta":{"footnotes":""},"categories":[477,447,597,20724,467,583],"tags":[],"class_list":["post-337735","post","type-post","status-publish","format-standard","has-post-thumbnail","","category-noticias-edulcorantes","category-local-politica","category-cinta-de-noticias","category-minuto-a-minuto","category-siria-y-el-mundo","category-slide"],"_links":{"self":[{"href":"https:\/\/archive.sana.sy\/es\/index.php?rest_route=\/wp\/v2\/posts\/337735"}],"collection":[{"href":"https:\/\/archive.sana.sy\/es\/index.php?rest_route=\/wp\/v2\/posts"}],"about":[{"href":"https:\/\/archive.sana.sy\/es\/index.php?rest_route=\/wp\/v2\/types\/post"}],"author":[{"embeddable":true,"href":"https:\/\/archive.sana.sy\/es\/index.php?rest_route=\/wp\/v2\/users\/43"}],"replies":[{"embeddable":true,"href":"https:\/\/archive.sana.sy\/es\/index.php?rest_route=%2Fwp%2Fv2%2Fcomments&post=337735"}],"version-history":[{"count":4,"href":"https:\/\/archive.sana.sy\/es\/index.php?rest_route=\/wp\/v2\/posts\/337735\/revisions"}],"predecessor-version":[{"id":337760,"href":"https:\/\/archive.sana.sy\/es\/index.php?rest_route=\/wp\/v2\/posts\/337735\/revisions\/337760"}],"wp:featuredmedia":[{"embeddable":true,"href":"https:\/\/archive.sana.sy\/es\/index.php?rest_route=\/wp\/v2\/media\/337753"}],"wp:attachment":[{"href":"https:\/\/archive.sana.sy\/es\/index.php?rest_route=%2Fwp%2Fv2%2Fmedia&parent=337735"}],"wp:term":[{"taxonomy":"category","embeddable":true,"href":"https:\/\/archive.sana.sy\/es\/index.php?rest_route=%2Fwp%2Fv2%2Fcategories&post=337735"},{"taxonomy":"post_tag","embeddable":true,"href":"https:\/\/archive.sana.sy\/es\/index.php?rest_route=%2Fwp%2Fv2%2Ftags&post=337735"}],"curies":[{"name":"wp","href":"https:\/\/api.w.org\/{rel}","templated":true}]}}