{"id":337738,"date":"2024-09-09T20:33:23","date_gmt":"2024-09-09T17:33:23","guid":{"rendered":"https:\/\/sana.sy\/es\/?p=337738"},"modified":"2024-09-10T06:17:40","modified_gmt":"2024-09-10T03:17:40","slug":"sultania-de-oman-condena-agresion-israeli-a-siria","status":"publish","type":"post","link":"https:\/\/archive.sana.sy\/es\/?p=337738","title":{"rendered":"Sultan\u00eda de Om\u00e1n condena agresi\u00f3n israel\u00ed a Siria"},"content":{"rendered":"<p style=\"text-align: justify;\"><span style=\"color: #800000;\"><strong>Mascate, 9 sep (SANA)<\/strong><\/span> El Ministerio de Asuntos Exteriores de Om\u00e1n conden\u00f3 la agresi\u00f3n israel\u00ed ocurrida este domingo contra el territorio sirio.<\/p>\n<p style=\"text-align: justify;\">Asimismo, llam\u00f3 a la comunidad internacional a poner fin definitivamente a las pr\u00e1cticas agresivas de \u201cIsrael\u201d y a los cr\u00edmenes de guerra que comete y a exigir que los funcionarios israel\u00edes rindan cuentas.<\/p>\n<p style=\"text-align: justify;\">Las autoridades sirias de salud elevaron hoy a 57 el saldo de muertos y heridos por las agresiones israel\u00edes contra posiciones en el oeste de la provincia de Hama, a unos 250 kil\u00f3metros al norte de Damasco, la capital.<\/p>\n<p style=\"text-align: justify;\">La agresi\u00f3n caus\u00f3 da\u00f1os en la infraestructura de la carretera entre Messiaf y Wadi Al-Oyoun, incendios en las zonas monta\u00f1osas y p\u00e9rdidas en las redes de electricidad.<\/p>\n<p style=\"text-align: justify;\">El Ministerio de Defensa hab\u00eda declarado que cazas israel\u00edes violaron el espacio a\u00e9reo del norte del vecino L\u00edbano, y desde ah\u00ed dispararon varias andanadas de misiles contra varios sitios e instalaciones en las zonas monta\u00f1osas de los alrededores de Messiaf y cerca de la localidad de Wadi Al-Youn.<\/p>\n<p style=\"text-align: justify;\">Seg\u00fan el ente castrense, los medios de defensa a\u00e9rea actuaron e interceptaron algunos misiles, y se\u00f1al\u00f3 que la agresi\u00f3n provoc\u00f3 p\u00e9rdidas materiales.<br \/>\nahs\/fm<\/p>\n","protected":false},"excerpt":{"rendered":"<p>Mascate, 9 sep (SANA) El Ministerio de Asuntos Exteriores de Om\u00e1n conden\u00f3 la agresi\u00f3n israel\u00ed ocurrida este domingo contra el territorio sirio. Asimismo, llam\u00f3 a la comunidad internacional a poner fin definitivamente a las pr\u00e1cticas agresivas de \u201cIsrael\u201d y a los cr\u00edmenes de guerra que comete y a exigir que los funcionarios israel\u00edes rindan cuentas. &hellip;<\/p>\n","protected":false},"author":43,"featured_media":337739,"comment_status":"closed","ping_status":"closed","sticky":false,"template":"","format":"standard","meta":{"footnotes":""},"categories":[597,20724,467,7541],"tags":[],"class_list":["post-337738","post","type-post","status-publish","format-standard","has-post-thumbnail","","category-cinta-de-noticias","category-minuto-a-minuto","category-siria-y-el-mundo","category-ultimas-noticias"],"_links":{"self":[{"href":"https:\/\/archive.sana.sy\/es\/index.php?rest_route=\/wp\/v2\/posts\/337738"}],"collection":[{"href":"https:\/\/archive.sana.sy\/es\/index.php?rest_route=\/wp\/v2\/posts"}],"about":[{"href":"https:\/\/archive.sana.sy\/es\/index.php?rest_route=\/wp\/v2\/types\/post"}],"author":[{"embeddable":true,"href":"https:\/\/archive.sana.sy\/es\/index.php?rest_route=\/wp\/v2\/users\/43"}],"replies":[{"embeddable":true,"href":"https:\/\/archive.sana.sy\/es\/index.php?rest_route=%2Fwp%2Fv2%2Fcomments&post=337738"}],"version-history":[{"count":2,"href":"https:\/\/archive.sana.sy\/es\/index.php?rest_route=\/wp\/v2\/posts\/337738\/revisions"}],"predecessor-version":[{"id":337768,"href":"https:\/\/archive.sana.sy\/es\/index.php?rest_route=\/wp\/v2\/posts\/337738\/revisions\/337768"}],"wp:featuredmedia":[{"embeddable":true,"href":"https:\/\/archive.sana.sy\/es\/index.php?rest_route=\/wp\/v2\/media\/337739"}],"wp:attachment":[{"href":"https:\/\/archive.sana.sy\/es\/index.php?rest_route=%2Fwp%2Fv2%2Fmedia&parent=337738"}],"wp:term":[{"taxonomy":"category","embeddable":true,"href":"https:\/\/archive.sana.sy\/es\/index.php?rest_route=%2Fwp%2Fv2%2Fcategories&post=337738"},{"taxonomy":"post_tag","embeddable":true,"href":"https:\/\/archive.sana.sy\/es\/index.php?rest_route=%2Fwp%2Fv2%2Ftags&post=337738"}],"curies":[{"name":"wp","href":"https:\/\/api.w.org\/{rel}","templated":true}]}}