{"id":337742,"date":"2024-09-09T20:49:42","date_gmt":"2024-09-09T17:49:42","guid":{"rendered":"https:\/\/sana.sy\/es\/?p=337742"},"modified":"2024-09-10T06:14:36","modified_gmt":"2024-09-10T03:14:36","slug":"cancilleres-de-siria-y-egipto-sostienen-conversaciones-en-el-cairo","status":"publish","type":"post","link":"https:\/\/archive.sana.sy\/es\/?p=337742","title":{"rendered":"Cancilleres de Siria y Egipto sostienen conversaciones en El Cairo"},"content":{"rendered":"<p style=\"text-align: justify;\"><span style=\"color: #800000;\"><strong>El Cairo, 9 sep (SANA)\u00a0<\/strong><\/span> El ministro sirio de Asuntos Exteriores, Faisal Al-Mekdad, sostuvo amplias conversaciones en El Cairo, con el ministro de Asuntos Exteriores egipcio, Badr Abdel-Ati.<\/p>\n<p style=\"text-align: justify;\">Las dos partes repasaron las formas de fortalecer las relaciones entre Siria y Egipto en diversos campos, de manera que concuerde con el car\u00e1cter hist\u00f3rico de los v\u00ednculos entre los dos pueblos hermanos.<\/p>\n<p style=\"text-align: justify;\">Al comienzo de la reuni\u00f3n, Al-Mekdad traslad\u00f3 los saludos del presidente Bashar Al-Assad a su hom\u00f3logo Abdel Fattah Al-Sisi, y elogi\u00f3 el apoyo de Egipto al Estado sirio para enfrentar todos los desaf\u00edos.<\/p>\n<p style=\"text-align: justify;\"><img loading=\"lazy\" decoding=\"async\" class=\"wp-image-337743 alignleft\" src=\"http:\/\/sana.sy\/es\/wp-content\/uploads\/2024\/09\/Cancilleres-de-Siria-y-Egipto-sostienen-conversaciones-en-El-Cairo.jpg\" alt=\"\" width=\"408\" height=\"230\" srcset=\"https:\/\/archive.sana.sy\/es\/wp-content\/uploads\/2024\/09\/Cancilleres-de-Siria-y-Egipto-sostienen-conversaciones-en-El-Cairo.jpg 1280w, https:\/\/archive.sana.sy\/es\/wp-content\/uploads\/2024\/09\/Cancilleres-de-Siria-y-Egipto-sostienen-conversaciones-en-El-Cairo-300x169.jpg 300w, https:\/\/archive.sana.sy\/es\/wp-content\/uploads\/2024\/09\/Cancilleres-de-Siria-y-Egipto-sostienen-conversaciones-en-El-Cairo-1024x578.jpg 1024w, https:\/\/archive.sana.sy\/es\/wp-content\/uploads\/2024\/09\/Cancilleres-de-Siria-y-Egipto-sostienen-conversaciones-en-El-Cairo-150x85.jpg 150w, https:\/\/archive.sana.sy\/es\/wp-content\/uploads\/2024\/09\/Cancilleres-de-Siria-y-Egipto-sostienen-conversaciones-en-El-Cairo-768x433.jpg 768w\" sizes=\"(max-width: 408px) 100vw, 408px\" \/>Las conversaciones abordaron la situaci\u00f3n en Gaza y la importancia de detener la guerra genocida cometida por la entidad sionista.<\/p>\n<p style=\"text-align: justify;\">El Canciller sirio destac\u00f3 la necesidad de hacer todos los esfuerzos posibles para detener la agresi\u00f3n israel\u00ed e impedir el desplazamiento de palestinos, y no permitir la expansi\u00f3n de la escalada y agresi\u00f3n a otros pa\u00edses de la regi\u00f3n.<\/p>\n<p style=\"text-align: justify;\">A su vez, el Canciller egipcio reiter\u00f3 el rechazo de su pa\u00eds a la injerencia extranjera en los asuntos sirios y manifest\u00f3 su inter\u00e9s por respetar la soberan\u00eda, independencia, unidad e integridad territorial de Siria.<\/p>\n<p style=\"text-align: justify;\">Expres\u00f3 tambi\u00e9n el apoyo a los esfuerzos del Estado sirio en la lucha contra el terrorismo y para mejorar las condiciones humanitarias del pueblo sirio.<\/p>\n<p style=\"text-align: justify;\">fm\/ahs<\/p>\n","protected":false},"excerpt":{"rendered":"<p>El Cairo, 9 sep (SANA)\u00a0 El ministro sirio de Asuntos Exteriores, Faisal Al-Mekdad, sostuvo amplias conversaciones en El Cairo, con el ministro de Asuntos Exteriores egipcio, Badr Abdel-Ati. Las dos partes repasaron las formas de fortalecer las relaciones entre Siria y Egipto en diversos campos, de manera que concuerde con el car\u00e1cter hist\u00f3rico de los &hellip;<\/p>\n","protected":false},"author":43,"featured_media":337765,"comment_status":"closed","ping_status":"closed","sticky":false,"template":"","format":"standard","meta":{"footnotes":""},"categories":[597,20724,467,583],"tags":[],"class_list":["post-337742","post","type-post","status-publish","format-standard","has-post-thumbnail","","category-cinta-de-noticias","category-minuto-a-minuto","category-siria-y-el-mundo","category-slide"],"_links":{"self":[{"href":"https:\/\/archive.sana.sy\/es\/index.php?rest_route=\/wp\/v2\/posts\/337742"}],"collection":[{"href":"https:\/\/archive.sana.sy\/es\/index.php?rest_route=\/wp\/v2\/posts"}],"about":[{"href":"https:\/\/archive.sana.sy\/es\/index.php?rest_route=\/wp\/v2\/types\/post"}],"author":[{"embeddable":true,"href":"https:\/\/archive.sana.sy\/es\/index.php?rest_route=\/wp\/v2\/users\/43"}],"replies":[{"embeddable":true,"href":"https:\/\/archive.sana.sy\/es\/index.php?rest_route=%2Fwp%2Fv2%2Fcomments&post=337742"}],"version-history":[{"count":4,"href":"https:\/\/archive.sana.sy\/es\/index.php?rest_route=\/wp\/v2\/posts\/337742\/revisions"}],"predecessor-version":[{"id":337767,"href":"https:\/\/archive.sana.sy\/es\/index.php?rest_route=\/wp\/v2\/posts\/337742\/revisions\/337767"}],"wp:featuredmedia":[{"embeddable":true,"href":"https:\/\/archive.sana.sy\/es\/index.php?rest_route=\/wp\/v2\/media\/337765"}],"wp:attachment":[{"href":"https:\/\/archive.sana.sy\/es\/index.php?rest_route=%2Fwp%2Fv2%2Fmedia&parent=337742"}],"wp:term":[{"taxonomy":"category","embeddable":true,"href":"https:\/\/archive.sana.sy\/es\/index.php?rest_route=%2Fwp%2Fv2%2Fcategories&post=337742"},{"taxonomy":"post_tag","embeddable":true,"href":"https:\/\/archive.sana.sy\/es\/index.php?rest_route=%2Fwp%2Fv2%2Ftags&post=337742"}],"curies":[{"name":"wp","href":"https:\/\/api.w.org\/{rel}","templated":true}]}}