{"id":337745,"date":"2024-09-10T05:26:09","date_gmt":"2024-09-10T02:26:09","guid":{"rendered":"https:\/\/sana.sy\/es\/?p=337745"},"modified":"2024-09-10T05:26:51","modified_gmt":"2024-09-10T02:26:51","slug":"canciller-cubano-condena-agresion-israeli-contra-siria","status":"publish","type":"post","link":"https:\/\/archive.sana.sy\/es\/?p=337745","title":{"rendered":"Canciller cubano condena agresi\u00f3n israel\u00ed contra Siria"},"content":{"rendered":"<p style=\"text-align: justify;\"><span style=\"color: #800000;\"><strong>La Habana, 10 sep (SANA)<\/strong> <\/span>Cuba conden\u00f3 hoy la agresi\u00f3n israel\u00ed perpetrada el \u00faltimo domingo contra Siria y la consider\u00f3 una amenaza a la seguridad y estabilidad regionales.<\/p>\n<p style=\"text-align: justify;\">&#8220;Condenamos agresi\u00f3n israel\u00ed contra territorio sirio que caus\u00f3 v\u00edctimas fatales y heridos&#8221;, escribi\u00f3 el ministro de Asuntos Exteriores, Bruno Rodr\u00edguez Parrilla, en la plataforma X.<\/p>\n<p style=\"text-align: justify;\">Consider\u00f3 que &#8220;Israel irrespeta soberan\u00eda e integridad territorial de Siria en franca violaci\u00f3n de Derecho Internacional y Carta ONU&#8221;.<\/p>\n<p style=\"text-align: justify;\">&#8220;Acciones de esta naturaleza son una amenaza a la seguridad y estabilidad regional&#8221;, indic\u00f3 el jefe de la diplomacia cubana.<\/p>\n<p style=\"text-align: justify;\">Al menos 18 personas murieron en bombardeos israel\u00edes con misiles contra puntos cerca del municipio de Messiaf, 250 kil\u00f3metros al noroeste de Damasco, la capital siria.<\/p>\n<p style=\"text-align: justify;\">La agresi\u00f3n caus\u00f3 da\u00f1os en la infraestructura de la carretera entre Messiaf y Wadi Al-Oyoun, incendios en las zonas monta\u00f1osas y p\u00e9rdidas en las redes de electricidad.<\/p>\n<p style=\"text-align: justify;\">fm<\/p>\n","protected":false},"excerpt":{"rendered":"<p>La Habana, 10 sep (SANA) Cuba conden\u00f3 hoy la agresi\u00f3n israel\u00ed perpetrada el \u00faltimo domingo contra Siria y la consider\u00f3 una amenaza a la seguridad y estabilidad regionales. &#8220;Condenamos agresi\u00f3n israel\u00ed contra territorio sirio que caus\u00f3 v\u00edctimas fatales y heridos&#8221;, escribi\u00f3 el ministro de Asuntos Exteriores, Bruno Rodr\u00edguez Parrilla, en la plataforma X. Consider\u00f3 que &hellip;<\/p>\n","protected":false},"author":34,"featured_media":337746,"comment_status":"closed","ping_status":"closed","sticky":false,"template":"","format":"standard","meta":{"footnotes":""},"categories":[597,20724,467,7541],"tags":[],"class_list":["post-337745","post","type-post","status-publish","format-standard","has-post-thumbnail","","category-cinta-de-noticias","category-minuto-a-minuto","category-siria-y-el-mundo","category-ultimas-noticias"],"_links":{"self":[{"href":"https:\/\/archive.sana.sy\/es\/index.php?rest_route=\/wp\/v2\/posts\/337745"}],"collection":[{"href":"https:\/\/archive.sana.sy\/es\/index.php?rest_route=\/wp\/v2\/posts"}],"about":[{"href":"https:\/\/archive.sana.sy\/es\/index.php?rest_route=\/wp\/v2\/types\/post"}],"author":[{"embeddable":true,"href":"https:\/\/archive.sana.sy\/es\/index.php?rest_route=\/wp\/v2\/users\/34"}],"replies":[{"embeddable":true,"href":"https:\/\/archive.sana.sy\/es\/index.php?rest_route=%2Fwp%2Fv2%2Fcomments&post=337745"}],"version-history":[{"count":2,"href":"https:\/\/archive.sana.sy\/es\/index.php?rest_route=\/wp\/v2\/posts\/337745\/revisions"}],"predecessor-version":[{"id":337748,"href":"https:\/\/archive.sana.sy\/es\/index.php?rest_route=\/wp\/v2\/posts\/337745\/revisions\/337748"}],"wp:featuredmedia":[{"embeddable":true,"href":"https:\/\/archive.sana.sy\/es\/index.php?rest_route=\/wp\/v2\/media\/337746"}],"wp:attachment":[{"href":"https:\/\/archive.sana.sy\/es\/index.php?rest_route=%2Fwp%2Fv2%2Fmedia&parent=337745"}],"wp:term":[{"taxonomy":"category","embeddable":true,"href":"https:\/\/archive.sana.sy\/es\/index.php?rest_route=%2Fwp%2Fv2%2Fcategories&post=337745"},{"taxonomy":"post_tag","embeddable":true,"href":"https:\/\/archive.sana.sy\/es\/index.php?rest_route=%2Fwp%2Fv2%2Ftags&post=337745"}],"curies":[{"name":"wp","href":"https:\/\/api.w.org\/{rel}","templated":true}]}}