{"id":337775,"date":"2024-09-10T13:21:28","date_gmt":"2024-09-10T10:21:28","guid":{"rendered":"https:\/\/sana.sy\/es\/?p=337775"},"modified":"2024-09-10T13:21:28","modified_gmt":"2024-09-10T10:21:28","slug":"un-muerto-y-dos-heridos-en-agresion-israeli-en-el-sur-del-libano","status":"publish","type":"post","link":"https:\/\/archive.sana.sy\/es\/?p=337775","title":{"rendered":"Un muerto y dos heridos en agresi\u00f3n israel\u00ed en el sur del L\u00edbano"},"content":{"rendered":"<p style=\"text-align: justify;\"><span style=\"color: #800000;\"><strong>Beirut, 10 sep (SANA)<\/strong><\/span> Una persona muri\u00f3 y otras dos resultaron heridas tras un ataque a\u00e9reo israel\u00ed contra la ciudad de Saghbine, en el oeste de la regi\u00f3n de Bekaa del L\u00edbano.<\/p>\n<p style=\"text-align: justify;\">La Agencia Nacional de Noticias Libanesa inform\u00f3 que drones israel\u00edes lanzaron un ataque con un misil aire-tierra contra un autom\u00f3vil en la carretera de Saghbine, matando a una persona e hiriendo a otras dos.<\/p>\n<p style=\"text-align: justify;\">El ej\u00e9rcito israel\u00ed continu\u00f3 sus ataques contra aldeas y ciudades en el sur del L\u00edbano, y esta ma\u00f1ana del martes, un avi\u00f3n israel\u00ed lanz\u00f3 bombas en una zona abierta entre las localidades de Kafr Kila y Deir Mimas, mientras que la ciudad de Khiam fue blanco de bombardeos de artiller\u00eda por parte de las fuerzas sionistas.<\/p>\n<p style=\"text-align: justify;\">fm\/ed<\/p>\n","protected":false},"excerpt":{"rendered":"<p>Beirut, 10 sep (SANA) Una persona muri\u00f3 y otras dos resultaron heridas tras un ataque a\u00e9reo israel\u00ed contra la ciudad de Saghbine, en el oeste de la regi\u00f3n de Bekaa del L\u00edbano. La Agencia Nacional de Noticias Libanesa inform\u00f3 que drones israel\u00edes lanzaron un ataque con un misil aire-tierra contra un autom\u00f3vil en la carretera &hellip;<\/p>\n","protected":false},"author":32,"featured_media":337776,"comment_status":"closed","ping_status":"closed","sticky":false,"template":"","format":"standard","meta":{"footnotes":""},"categories":[597,456,20724,7541],"tags":[],"class_list":["post-337775","post","type-post","status-publish","format-standard","has-post-thumbnail","","category-cinta-de-noticias","category-arabe-internacional-politica","category-minuto-a-minuto","category-ultimas-noticias"],"_links":{"self":[{"href":"https:\/\/archive.sana.sy\/es\/index.php?rest_route=\/wp\/v2\/posts\/337775"}],"collection":[{"href":"https:\/\/archive.sana.sy\/es\/index.php?rest_route=\/wp\/v2\/posts"}],"about":[{"href":"https:\/\/archive.sana.sy\/es\/index.php?rest_route=\/wp\/v2\/types\/post"}],"author":[{"embeddable":true,"href":"https:\/\/archive.sana.sy\/es\/index.php?rest_route=\/wp\/v2\/users\/32"}],"replies":[{"embeddable":true,"href":"https:\/\/archive.sana.sy\/es\/index.php?rest_route=%2Fwp%2Fv2%2Fcomments&post=337775"}],"version-history":[{"count":1,"href":"https:\/\/archive.sana.sy\/es\/index.php?rest_route=\/wp\/v2\/posts\/337775\/revisions"}],"predecessor-version":[{"id":337777,"href":"https:\/\/archive.sana.sy\/es\/index.php?rest_route=\/wp\/v2\/posts\/337775\/revisions\/337777"}],"wp:featuredmedia":[{"embeddable":true,"href":"https:\/\/archive.sana.sy\/es\/index.php?rest_route=\/wp\/v2\/media\/337776"}],"wp:attachment":[{"href":"https:\/\/archive.sana.sy\/es\/index.php?rest_route=%2Fwp%2Fv2%2Fmedia&parent=337775"}],"wp:term":[{"taxonomy":"category","embeddable":true,"href":"https:\/\/archive.sana.sy\/es\/index.php?rest_route=%2Fwp%2Fv2%2Fcategories&post=337775"},{"taxonomy":"post_tag","embeddable":true,"href":"https:\/\/archive.sana.sy\/es\/index.php?rest_route=%2Fwp%2Fv2%2Ftags&post=337775"}],"curies":[{"name":"wp","href":"https:\/\/api.w.org\/{rel}","templated":true}]}}