{"id":337778,"date":"2024-09-10T13:26:31","date_gmt":"2024-09-10T10:26:31","guid":{"rendered":"https:\/\/sana.sy\/es\/?p=337778"},"modified":"2024-09-10T13:52:10","modified_gmt":"2024-09-10T10:52:10","slug":"cancilleres-de-siria-egipto-y-emiratos-arabes-unidos-abordan-temas-de-interes-comun","status":"publish","type":"post","link":"https:\/\/archive.sana.sy\/es\/?p=337778","title":{"rendered":"Cancilleres de Siria, Egipto y Emiratos \u00c1rabes Unidos abordan temas de inter\u00e9s com\u00fan"},"content":{"rendered":"<p style=\"text-align: justify;\"><span style=\"color: #800000;\"><strong>El Cairo, 10 sep (SANA)\u00a0<\/strong><\/span> El ministro de Asuntos Exteriores y Expatriados, Faisal Al-Mekdad, se reuni\u00f3 este martes con el secretario general de la Liga de Estados \u00c1rabes, Ahmed Abu Gheit y con el ministro de Estado de Emiratos \u00c1rabes Unidos (EAU), Khalifa Shaheen Al-Marar.<\/p>\n<p style=\"text-align: justify;\">Esto se produjo durante la participaci\u00f3n de Al-Mekdad en las labores de la 162\u00aa sesi\u00f3n del Consejo de la Liga \u00c1rabe que se celebra en El Cairo a nivel ministerial.<\/p>\n<p style=\"text-align: justify;\">Durante el encuentro, ambas partes revisaron los temas de actualidad que se centraron en los tr\u00e1gicos acontecimientos en los territorios palestinos ocupados como resultado de la brutal y continua agresi\u00f3n sionista contra el pueblo palestino.<\/p>\n<p style=\"text-align: justify;\">El Canciller sirio expres\u00f3 el inter\u00e9s de Siria en reformar la Liga \u00c1rabe y desarrollar su trabajo, basado en el consenso entre los estados miembros.<\/p>\n<p style=\"text-align: justify;\">Asimismo, Al-Mekdad abord\u00f3 con el ministro de Estado de EAU, Khalifa Shaheen Al-Marar, la consolidaci\u00f3n de la cooperaci\u00f3n bilateral en varios \u00e1mbitos.<\/p>\n<p style=\"text-align: justify;\">ed\/fm<\/p>\n","protected":false},"excerpt":{"rendered":"<p>El Cairo, 10 sep (SANA)\u00a0 El ministro de Asuntos Exteriores y Expatriados, Faisal Al-Mekdad, se reuni\u00f3 este martes con el secretario general de la Liga de Estados \u00c1rabes, Ahmed Abu Gheit y con el ministro de Estado de Emiratos \u00c1rabes Unidos (EAU), Khalifa Shaheen Al-Marar. Esto se produjo durante la participaci\u00f3n de Al-Mekdad en las &hellip;<\/p>\n","protected":false},"author":32,"featured_media":337779,"comment_status":"closed","ping_status":"closed","sticky":false,"template":"","format":"standard","meta":{"footnotes":""},"categories":[597],"tags":[],"class_list":["post-337778","post","type-post","status-publish","format-standard","has-post-thumbnail","","category-cinta-de-noticias"],"_links":{"self":[{"href":"https:\/\/archive.sana.sy\/es\/index.php?rest_route=\/wp\/v2\/posts\/337778"}],"collection":[{"href":"https:\/\/archive.sana.sy\/es\/index.php?rest_route=\/wp\/v2\/posts"}],"about":[{"href":"https:\/\/archive.sana.sy\/es\/index.php?rest_route=\/wp\/v2\/types\/post"}],"author":[{"embeddable":true,"href":"https:\/\/archive.sana.sy\/es\/index.php?rest_route=\/wp\/v2\/users\/32"}],"replies":[{"embeddable":true,"href":"https:\/\/archive.sana.sy\/es\/index.php?rest_route=%2Fwp%2Fv2%2Fcomments&post=337778"}],"version-history":[{"count":1,"href":"https:\/\/archive.sana.sy\/es\/index.php?rest_route=\/wp\/v2\/posts\/337778\/revisions"}],"predecessor-version":[{"id":337780,"href":"https:\/\/archive.sana.sy\/es\/index.php?rest_route=\/wp\/v2\/posts\/337778\/revisions\/337780"}],"wp:featuredmedia":[{"embeddable":true,"href":"https:\/\/archive.sana.sy\/es\/index.php?rest_route=\/wp\/v2\/media\/337779"}],"wp:attachment":[{"href":"https:\/\/archive.sana.sy\/es\/index.php?rest_route=%2Fwp%2Fv2%2Fmedia&parent=337778"}],"wp:term":[{"taxonomy":"category","embeddable":true,"href":"https:\/\/archive.sana.sy\/es\/index.php?rest_route=%2Fwp%2Fv2%2Fcategories&post=337778"},{"taxonomy":"post_tag","embeddable":true,"href":"https:\/\/archive.sana.sy\/es\/index.php?rest_route=%2Fwp%2Fv2%2Ftags&post=337778"}],"curies":[{"name":"wp","href":"https:\/\/api.w.org\/{rel}","templated":true}]}}