{"id":337783,"date":"2024-09-10T14:26:50","date_gmt":"2024-09-10T11:26:50","guid":{"rendered":"https:\/\/sana.sy\/es\/?p=337783"},"modified":"2024-09-10T20:34:28","modified_gmt":"2024-09-10T17:34:28","slug":"kursk-se-convierte-en-cementerio-de-las-fuerzas-ucranianas","status":"publish","type":"post","link":"https:\/\/archive.sana.sy\/es\/?p=337783","title":{"rendered":"Kursk se convierte en cementerio de las fuerzas ucranianas"},"content":{"rendered":"<p style=\"text-align: justify\"><span style=\"color: #800000\"><strong>Mosc\u00fa, 10 sep (SANA)<\/strong> <\/span>Las Fuerzas Armadas de Rusia siguen atacando a las fuerzas ucranianas que entraron en la provincia de Kursk, en el sur del pa\u00eds.<\/p>\n<p style=\"text-align: justify\">El Ministerio de Defensa ruso inform\u00f3 en un comunicado sobre la actual situaci\u00f3n en Kursk que el n\u00famero de bajas del ej\u00e9rcito ucraniano se acerca a los 12.000.<\/p>\n<p style=\"text-align: justify\">A\u00f1adi\u00f3 que durante las \u00faltimas 24 horas, las tropas de Kiev perdieron a m\u00e1s de 380 soldados y 15 veh\u00edculos blindados.<\/p>\n<p style=\"text-align: justify\">fm\/ed<\/p>\n","protected":false},"excerpt":{"rendered":"<p>Mosc\u00fa, 10 sep (SANA) Las Fuerzas Armadas de Rusia siguen atacando a las fuerzas ucranianas que entraron en la provincia de Kursk, en el sur del pa\u00eds. El Ministerio de Defensa ruso inform\u00f3 en un comunicado sobre la actual situaci\u00f3n en Kursk que el n\u00famero de bajas del ej\u00e9rcito ucraniano se acerca a los 12.000. &hellip;<\/p>\n","protected":false},"author":32,"featured_media":337784,"comment_status":"closed","ping_status":"closed","sticky":false,"template":"","format":"standard","meta":{"footnotes":""},"categories":[597,456,20724,583],"tags":[],"class_list":["post-337783","post","type-post","status-publish","format-standard","has-post-thumbnail","","category-cinta-de-noticias","category-arabe-internacional-politica","category-minuto-a-minuto","category-slide"],"_links":{"self":[{"href":"https:\/\/archive.sana.sy\/es\/index.php?rest_route=\/wp\/v2\/posts\/337783"}],"collection":[{"href":"https:\/\/archive.sana.sy\/es\/index.php?rest_route=\/wp\/v2\/posts"}],"about":[{"href":"https:\/\/archive.sana.sy\/es\/index.php?rest_route=\/wp\/v2\/types\/post"}],"author":[{"embeddable":true,"href":"https:\/\/archive.sana.sy\/es\/index.php?rest_route=\/wp\/v2\/users\/32"}],"replies":[{"embeddable":true,"href":"https:\/\/archive.sana.sy\/es\/index.php?rest_route=%2Fwp%2Fv2%2Fcomments&post=337783"}],"version-history":[{"count":2,"href":"https:\/\/archive.sana.sy\/es\/index.php?rest_route=\/wp\/v2\/posts\/337783\/revisions"}],"predecessor-version":[{"id":337820,"href":"https:\/\/archive.sana.sy\/es\/index.php?rest_route=\/wp\/v2\/posts\/337783\/revisions\/337820"}],"wp:featuredmedia":[{"embeddable":true,"href":"https:\/\/archive.sana.sy\/es\/index.php?rest_route=\/wp\/v2\/media\/337784"}],"wp:attachment":[{"href":"https:\/\/archive.sana.sy\/es\/index.php?rest_route=%2Fwp%2Fv2%2Fmedia&parent=337783"}],"wp:term":[{"taxonomy":"category","embeddable":true,"href":"https:\/\/archive.sana.sy\/es\/index.php?rest_route=%2Fwp%2Fv2%2Fcategories&post=337783"},{"taxonomy":"post_tag","embeddable":true,"href":"https:\/\/archive.sana.sy\/es\/index.php?rest_route=%2Fwp%2Fv2%2Ftags&post=337783"}],"curies":[{"name":"wp","href":"https:\/\/api.w.org\/{rel}","templated":true}]}}