{"id":337786,"date":"2024-09-10T14:47:24","date_gmt":"2024-09-10T11:47:24","guid":{"rendered":"https:\/\/sana.sy\/es\/?p=337786"},"modified":"2024-09-10T14:47:34","modified_gmt":"2024-09-10T11:47:34","slug":"canciller-de-tunez-repasa-con-embajador-de-siria-las-formas-de-fortalecer-las-relaciones-bilaterales","status":"publish","type":"post","link":"https:\/\/archive.sana.sy\/es\/?p=337786","title":{"rendered":"Canciller de T\u00fanez repasa con Embajador de Siria las formas de fortalecer las relaciones bilaterales"},"content":{"rendered":"<p style=\"text-align: justify;\"><span style=\"color: #800000;\"><strong>T\u00fanez, 10 sep (SANA)<\/strong><\/span>\u00a0\u00a0 El ministro tunecino de Asuntos Exteriores tunecino, Muhammad Ali Al-Nafti, repas\u00f3 con el embajador de Siria en T\u00fanez, Muhammad Muhammad, las formas de mejorar las relaciones de cooperaci\u00f3n entre los dos pa\u00edses y pueblos hermanos.<\/p>\n<p style=\"text-align: justify;\">Durante el encuentro, el ministro tunecino destac\u00f3 subray\u00f3 la profundidad de las relaciones fraternales entre T\u00fanez y Siria.<\/p>\n<p style=\"text-align: justify;\">A su vez, el embajador sirio entreg\u00f3 un mensaje de felicitaci\u00f3n del canciller Faisal Al-Mekdad al ministro Al-Nafrti, con motivo de su nombramiento como canciller.<\/p>\n<p style=\"text-align: justify;\">fm<\/p>\n<p style=\"text-align: justify;\">\n","protected":false},"excerpt":{"rendered":"<p>T\u00fanez, 10 sep (SANA)\u00a0\u00a0 El ministro tunecino de Asuntos Exteriores tunecino, Muhammad Ali Al-Nafti, repas\u00f3 con el embajador de Siria en T\u00fanez, Muhammad Muhammad, las formas de mejorar las relaciones de cooperaci\u00f3n entre los dos pa\u00edses y pueblos hermanos. Durante el encuentro, el ministro tunecino destac\u00f3 subray\u00f3 la profundidad de las relaciones fraternales entre T\u00fanez &hellip;<\/p>\n","protected":false},"author":34,"featured_media":337787,"comment_status":"closed","ping_status":"closed","sticky":false,"template":"","format":"standard","meta":{"footnotes":""},"categories":[597,20724,467,7541],"tags":[],"class_list":["post-337786","post","type-post","status-publish","format-standard","has-post-thumbnail","","category-cinta-de-noticias","category-minuto-a-minuto","category-siria-y-el-mundo","category-ultimas-noticias"],"_links":{"self":[{"href":"https:\/\/archive.sana.sy\/es\/index.php?rest_route=\/wp\/v2\/posts\/337786"}],"collection":[{"href":"https:\/\/archive.sana.sy\/es\/index.php?rest_route=\/wp\/v2\/posts"}],"about":[{"href":"https:\/\/archive.sana.sy\/es\/index.php?rest_route=\/wp\/v2\/types\/post"}],"author":[{"embeddable":true,"href":"https:\/\/archive.sana.sy\/es\/index.php?rest_route=\/wp\/v2\/users\/34"}],"replies":[{"embeddable":true,"href":"https:\/\/archive.sana.sy\/es\/index.php?rest_route=%2Fwp%2Fv2%2Fcomments&post=337786"}],"version-history":[{"count":1,"href":"https:\/\/archive.sana.sy\/es\/index.php?rest_route=\/wp\/v2\/posts\/337786\/revisions"}],"predecessor-version":[{"id":337788,"href":"https:\/\/archive.sana.sy\/es\/index.php?rest_route=\/wp\/v2\/posts\/337786\/revisions\/337788"}],"wp:featuredmedia":[{"embeddable":true,"href":"https:\/\/archive.sana.sy\/es\/index.php?rest_route=\/wp\/v2\/media\/337787"}],"wp:attachment":[{"href":"https:\/\/archive.sana.sy\/es\/index.php?rest_route=%2Fwp%2Fv2%2Fmedia&parent=337786"}],"wp:term":[{"taxonomy":"category","embeddable":true,"href":"https:\/\/archive.sana.sy\/es\/index.php?rest_route=%2Fwp%2Fv2%2Fcategories&post=337786"},{"taxonomy":"post_tag","embeddable":true,"href":"https:\/\/archive.sana.sy\/es\/index.php?rest_route=%2Fwp%2Fv2%2Ftags&post=337786"}],"curies":[{"name":"wp","href":"https:\/\/api.w.org\/{rel}","templated":true}]}}