{"id":337811,"date":"2024-09-10T19:49:52","date_gmt":"2024-09-10T16:49:52","guid":{"rendered":"https:\/\/sana.sy\/es\/?p=337811"},"modified":"2024-09-10T20:31:14","modified_gmt":"2024-09-10T17:31:14","slug":"canciller-sirio-aborda-temas-de-cooperacion-con-homologos-arabes","status":"publish","type":"post","link":"https:\/\/archive.sana.sy\/es\/?p=337811","title":{"rendered":"Canciller sirio aborda temas de cooperaci\u00f3n con hom\u00f3logos \u00e1rabes"},"content":{"rendered":"<p style=\"text-align: justify\"><span style=\"color: #800000\"><strong>El Cairo, 10 sep (SANA)<\/strong> <\/span>El Ministro de Asuntos Exteriores y Expatriados, Dr. Faisal al-Mekdad, se reuni\u00f3 hoy con sus pares de T\u00fanez, Jordania y el L\u00edbano, al margen de su participaci\u00f3n en la 162\u00aa sesi\u00f3n del Consejo de la Liga de los Estados \u00c1rabes que se desarrolla en El Cairo a nivel ministerial.<\/p>\n<p style=\"text-align: justify\">Durante su encuentro con el nuevo Ministro de Exteriores tunecino, Muhammad Ali Al-Nafti, el jefe de la diplomacia siria resalt\u00f3 las distinguidas relaciones hist\u00f3ricas entre los dos pa\u00edses hermanos, y la necesidad de fortalecerlas en los diferentes campos.<\/p>\n<p style=\"text-align: justify\">Los dos cancilleres pasaron revista a las relaciones bilaterales y las cuestiones \u00e1rabes debatidas en la reuni\u00f3n ministerial.<\/p>\n<p style=\"text-align: justify\">Al-Mekdad examin\u00f3 tambi\u00e9n con su hom\u00f3logo jordano, Ayman Al-Safadi, una bater\u00eda de temas vinculados con la cooperaci\u00f3n y coordinaci\u00f3n binacionales en diferentes \u00e1reas. En este contexto, los dos ministros ratificaron su voluntad de llevar a cabo consultas bilaterales de una manera que traiga beneficio a los dos pueblos hermanos.<\/p>\n<p style=\"text-align: justify\">De igual manera, el ministro al-Mekdad abord\u00f3 con su par liban\u00e9s, Abdullah Bouhabib, los peligrosos acontecimientos en Oriente Medio, a la luz de la escalada de las agresiones israel\u00edes contra los territorios sirio y liban\u00e9s.<\/p>\n<p style=\"text-align: justify\">Ambos cancilleres resaltaron la importancia de coordinar esfuerzos para movilizar el apoyo necesario para Siria y el L\u00edbano en las Naciones Unidas, entre otras instancias internacionales, con el objetivo de condenar las salvajadas israel\u00edes y poner coto a las mismas.<\/p>\n<div id='gallery-1' class='gallery galleryid-337811 gallery-columns-1 gallery-size-large'><figure class='gallery-item'>\n\t\t\t<div class='gallery-icon landscape'>\n\t\t\t\t<a href='https:\/\/archive.sana.sy\/es\/wp-content\/uploads\/2024\/09\/Al-Mekdad-con-su-par-jordano-scaled.jpg'><img loading=\"lazy\" decoding=\"async\" width=\"618\" height=\"403\" src=\"https:\/\/archive.sana.sy\/es\/wp-content\/uploads\/2024\/09\/Al-Mekdad-con-su-par-jordano-1024x667.jpg\" class=\"attachment-large size-large\" alt=\"\" aria-describedby=\"gallery-1-337812\" srcset=\"https:\/\/archive.sana.sy\/es\/wp-content\/uploads\/2024\/09\/Al-Mekdad-con-su-par-jordano-1024x667.jpg 1024w, https:\/\/archive.sana.sy\/es\/wp-content\/uploads\/2024\/09\/Al-Mekdad-con-su-par-jordano-300x195.jpg 300w, https:\/\/archive.sana.sy\/es\/wp-content\/uploads\/2024\/09\/Al-Mekdad-con-su-par-jordano-150x98.jpg 150w, https:\/\/archive.sana.sy\/es\/wp-content\/uploads\/2024\/09\/Al-Mekdad-con-su-par-jordano-768x500.jpg 768w, https:\/\/archive.sana.sy\/es\/wp-content\/uploads\/2024\/09\/Al-Mekdad-con-su-par-jordano-1536x1001.jpg 1536w, https:\/\/archive.sana.sy\/es\/wp-content\/uploads\/2024\/09\/Al-Mekdad-con-su-par-jordano-2048x1334.jpg 2048w\" sizes=\"(max-width: 618px) 100vw, 618px\" \/><\/a>\n\t\t\t<\/div>\n\t\t\t\t<figcaption class='wp-caption-text gallery-caption' id='gallery-1-337812'>\n\t\t\t\tCanciller al-Mekdad con su par jordano\n\t\t\t\t<\/figcaption><\/figure><figure class='gallery-item'>\n\t\t\t<div class='gallery-icon landscape'>\n\t\t\t\t<a href='https:\/\/archive.sana.sy\/es\/wp-content\/uploads\/2024\/09\/Al-Mekdad-con-su-par-libanes-scaled.jpg'><img loading=\"lazy\" decoding=\"async\" width=\"618\" height=\"278\" src=\"https:\/\/archive.sana.sy\/es\/wp-content\/uploads\/2024\/09\/Al-Mekdad-con-su-par-libanes-1024x461.jpg\" class=\"attachment-large size-large\" alt=\"\" aria-describedby=\"gallery-1-337813\" srcset=\"https:\/\/archive.sana.sy\/es\/wp-content\/uploads\/2024\/09\/Al-Mekdad-con-su-par-libanes-1024x461.jpg 1024w, https:\/\/archive.sana.sy\/es\/wp-content\/uploads\/2024\/09\/Al-Mekdad-con-su-par-libanes-300x135.jpg 300w, https:\/\/archive.sana.sy\/es\/wp-content\/uploads\/2024\/09\/Al-Mekdad-con-su-par-libanes-150x67.jpg 150w, https:\/\/archive.sana.sy\/es\/wp-content\/uploads\/2024\/09\/Al-Mekdad-con-su-par-libanes-768x346.jpg 768w, https:\/\/archive.sana.sy\/es\/wp-content\/uploads\/2024\/09\/Al-Mekdad-con-su-par-libanes-1536x691.jpg 1536w, https:\/\/archive.sana.sy\/es\/wp-content\/uploads\/2024\/09\/Al-Mekdad-con-su-par-libanes-2048x921.jpg 2048w\" sizes=\"(max-width: 618px) 100vw, 618px\" \/><\/a>\n\t\t\t<\/div>\n\t\t\t\t<figcaption class='wp-caption-text gallery-caption' id='gallery-1-337813'>\n\t\t\t\tAl-Mekdad con su hom\u00f3logo liban\u00e9s\n\t\t\t\t<\/figcaption><\/figure>\n\t\t<\/div>\n\n<p style=\"text-align: justify\">la<\/p>\n<p style=\"text-align: justify\">\n","protected":false},"excerpt":{"rendered":"<p>El Cairo, 10 sep (SANA) El Ministro de Asuntos Exteriores y Expatriados, Dr. Faisal al-Mekdad, se reuni\u00f3 hoy con sus pares de T\u00fanez, Jordania y el L\u00edbano, al margen de su participaci\u00f3n en la 162\u00aa sesi\u00f3n del Consejo de la Liga de los Estados \u00c1rabes que se desarrolla en El Cairo a nivel ministerial. Durante &hellip;<\/p>\n","protected":false},"author":24,"featured_media":337814,"comment_status":"closed","ping_status":"closed","sticky":false,"template":"","format":"standard","meta":{"footnotes":""},"categories":[597,476,467,583],"tags":[],"class_list":["post-337811","post","type-post","status-publish","format-standard","has-post-thumbnail","","category-cinta-de-noticias","category-locales","category-siria-y-el-mundo","category-slide"],"_links":{"self":[{"href":"https:\/\/archive.sana.sy\/es\/index.php?rest_route=\/wp\/v2\/posts\/337811"}],"collection":[{"href":"https:\/\/archive.sana.sy\/es\/index.php?rest_route=\/wp\/v2\/posts"}],"about":[{"href":"https:\/\/archive.sana.sy\/es\/index.php?rest_route=\/wp\/v2\/types\/post"}],"author":[{"embeddable":true,"href":"https:\/\/archive.sana.sy\/es\/index.php?rest_route=\/wp\/v2\/users\/24"}],"replies":[{"embeddable":true,"href":"https:\/\/archive.sana.sy\/es\/index.php?rest_route=%2Fwp%2Fv2%2Fcomments&post=337811"}],"version-history":[{"count":2,"href":"https:\/\/archive.sana.sy\/es\/index.php?rest_route=\/wp\/v2\/posts\/337811\/revisions"}],"predecessor-version":[{"id":337816,"href":"https:\/\/archive.sana.sy\/es\/index.php?rest_route=\/wp\/v2\/posts\/337811\/revisions\/337816"}],"wp:featuredmedia":[{"embeddable":true,"href":"https:\/\/archive.sana.sy\/es\/index.php?rest_route=\/wp\/v2\/media\/337814"}],"wp:attachment":[{"href":"https:\/\/archive.sana.sy\/es\/index.php?rest_route=%2Fwp%2Fv2%2Fmedia&parent=337811"}],"wp:term":[{"taxonomy":"category","embeddable":true,"href":"https:\/\/archive.sana.sy\/es\/index.php?rest_route=%2Fwp%2Fv2%2Fcategories&post=337811"},{"taxonomy":"post_tag","embeddable":true,"href":"https:\/\/archive.sana.sy\/es\/index.php?rest_route=%2Fwp%2Fv2%2Ftags&post=337811"}],"curies":[{"name":"wp","href":"https:\/\/api.w.org\/{rel}","templated":true}]}}