{"id":337833,"date":"2024-09-11T09:12:16","date_gmt":"2024-09-11T06:12:16","guid":{"rendered":"https:\/\/sana.sy\/es\/?p=337833"},"modified":"2024-09-11T09:13:39","modified_gmt":"2024-09-11T06:13:39","slug":"grupo-arabe-iniciara-medidas-para-congelar-participacion-de-israel-en-asamblea-general-de-la-onu","status":"publish","type":"post","link":"https:\/\/archive.sana.sy\/es\/?p=337833","title":{"rendered":"Grupo \u00c1rabe iniciar\u00e1 medidas para congelar participaci\u00f3n de \u201cIsrael\u201d en Asamblea General de la ONU"},"content":{"rendered":"<p style=\"text-align: justify;\"><span style=\"color: #800000;\"><strong>El Cairo, 11 sep (SANA)<\/strong><\/span>\u00a0 \u00a0En su 162 per\u00edodo ordinario de sesiones celebrado a nivel ministerial en la sede de la Liga en El Cairo, el Consejo de la Liga de Estados \u00c1rabes adopt\u00f3 una sola decisi\u00f3n relacionada con la evoluci\u00f3n de la cuesti\u00f3n palestina y el conflicto \u00e1rabe-israel\u00ed.<\/p>\n<p style=\"text-align: justify;\">En virtud de la resoluci\u00f3n, el Consejo instruy\u00f3 al Grupo \u00c1rabe en Nueva York que comenzara a tomar medidas para congelar la participaci\u00f3n de \u201cIsrael\u201d en la Asamblea General de las Naciones Unidas, debido a su incumplimiento de los prop\u00f3sitos y principios de la Carta de las Naciones Unidas, y su amenaza a la paz y la seguridad internacionales, y movilizar el apoyo internacional necesario para ello.<\/p>\n<p style=\"text-align: justify;\">La decisi\u00f3n tambi\u00e9n inst\u00f3 a la Corte Internacional de Justicia a acelerar su decisi\u00f3n sobre la demanda presentada por la Rep\u00fablica de Sud\u00e1frica contra \u201cIsrael\u201d.<\/p>\n<p style=\"text-align: justify;\">Afirm\u00f3 su rechazo categ\u00f3rico a los planes israel\u00edes de imponer su control sobre cualquier parte de la Franja de Gaza y exigi\u00f3 la retirada completa de &#8220;Israel&#8221; y la necesidad de volver a abrir el cruce de Rafah de acuerdo con las normas establecidas normas y la eliminaci\u00f3n de todos los obst\u00e1culos al acceso humanitario seguro, adecuado y r\u00e1pido.<\/p>\n<p style=\"text-align: justify;\">La resoluci\u00f3n expres\u00f3 el rechazo y la condena del Consejo de la Liga a las pol\u00edticas y medidas agresivas adoptadas por el gobierno de ocupaci\u00f3n israel\u00ed y su inmersi\u00f3n en los planes de anexi\u00f3n de las tierras ocupadas de Cisjordania y la expansi\u00f3n colonial de asentamientos.<\/p>\n<p style=\"text-align: justify;\">Tambi\u00e9n conden\u00f3 las pol\u00edticas de anexi\u00f3n en el Gol\u00e1n sirio ocupado.<\/p>\n<p style=\"text-align: justify;\">La resoluci\u00f3n rechaz\u00f3 en\u00e9rgicamente la brutal y creciente agresi\u00f3n israel\u00ed contra la Rep\u00fablica \u00c1rabe Siria y la violaci\u00f3n de su soberan\u00eda.<\/p>\n<p style=\"text-align: justify;\"><strong><span style=\"color: #800000;\">fm\/ws<\/span><\/strong><\/p>\n","protected":false},"excerpt":{"rendered":"<p>El Cairo, 11 sep (SANA)\u00a0 \u00a0En su 162 per\u00edodo ordinario de sesiones celebrado a nivel ministerial en la sede de la Liga en El Cairo, el Consejo de la Liga de Estados \u00c1rabes adopt\u00f3 una sola decisi\u00f3n relacionada con la evoluci\u00f3n de la cuesti\u00f3n palestina y el conflicto \u00e1rabe-israel\u00ed. En virtud de la resoluci\u00f3n, el &hellip;<\/p>\n","protected":false},"author":35,"featured_media":337834,"comment_status":"closed","ping_status":"closed","sticky":false,"template":"","format":"standard","meta":{"footnotes":""},"categories":[597,456,16687,20724,467,7541],"tags":[],"class_list":["post-337833","post","type-post","status-publish","format-standard","has-post-thumbnail","","category-cinta-de-noticias","category-arabe-internacional-politica","category-internacionales","category-minuto-a-minuto","category-siria-y-el-mundo","category-ultimas-noticias"],"_links":{"self":[{"href":"https:\/\/archive.sana.sy\/es\/index.php?rest_route=\/wp\/v2\/posts\/337833"}],"collection":[{"href":"https:\/\/archive.sana.sy\/es\/index.php?rest_route=\/wp\/v2\/posts"}],"about":[{"href":"https:\/\/archive.sana.sy\/es\/index.php?rest_route=\/wp\/v2\/types\/post"}],"author":[{"embeddable":true,"href":"https:\/\/archive.sana.sy\/es\/index.php?rest_route=\/wp\/v2\/users\/35"}],"replies":[{"embeddable":true,"href":"https:\/\/archive.sana.sy\/es\/index.php?rest_route=%2Fwp%2Fv2%2Fcomments&post=337833"}],"version-history":[{"count":2,"href":"https:\/\/archive.sana.sy\/es\/index.php?rest_route=\/wp\/v2\/posts\/337833\/revisions"}],"predecessor-version":[{"id":337836,"href":"https:\/\/archive.sana.sy\/es\/index.php?rest_route=\/wp\/v2\/posts\/337833\/revisions\/337836"}],"wp:featuredmedia":[{"embeddable":true,"href":"https:\/\/archive.sana.sy\/es\/index.php?rest_route=\/wp\/v2\/media\/337834"}],"wp:attachment":[{"href":"https:\/\/archive.sana.sy\/es\/index.php?rest_route=%2Fwp%2Fv2%2Fmedia&parent=337833"}],"wp:term":[{"taxonomy":"category","embeddable":true,"href":"https:\/\/archive.sana.sy\/es\/index.php?rest_route=%2Fwp%2Fv2%2Fcategories&post=337833"},{"taxonomy":"post_tag","embeddable":true,"href":"https:\/\/archive.sana.sy\/es\/index.php?rest_route=%2Fwp%2Fv2%2Ftags&post=337833"}],"curies":[{"name":"wp","href":"https:\/\/api.w.org\/{rel}","templated":true}]}}