{"id":33793,"date":"2015-11-18T17:53:37","date_gmt":"2015-11-18T15:53:37","guid":{"rendered":"http:\/\/sana.sy\/es\/?p=33793"},"modified":"2015-11-19T19:36:39","modified_gmt":"2015-11-19T17:36:39","slug":"abdullahian-ningun-pais-tiene-derecho-a-decidir-el-futuro-de-siria-en-lugar-de-su-pueblo","status":"publish","type":"post","link":"https:\/\/archive.sana.sy\/es\/?p=33793","title":{"rendered":"Abdullahian: ning\u00fan pa\u00eds tiene derecho a decidir el futuro de Siria en lugar de su pueblo"},"content":{"rendered":"<p><span style=\"color: #800000\">Teher\u00e1n, SANA<\/span><\/p>\n<p>El vicecanciller iran\u00ed, Hossein Amir Abdullahian desminti\u00f3 declaraciones hechas supuestamente por el Canciller turco, las cuales alegan que en la segunda reuni\u00f3n de Viena se acord\u00f3 impedir al presidente Bashar al-Assad presentar su candidatura a las elecciones presidenciales, confirmando que estas informaciones son infundadas.<\/p>\n<p>Esto se produjo durante una reuni\u00f3n sostenida este mi\u00e9rcoles en Teher\u00e1n entre el Vicecanciller iran\u00ed y el embajador de Siria ante Ir\u00e1n, Adnan Mahmoud.<\/p>\n<p>Abdullahian dijo que la declaraci\u00f3n final de la segunda reuni\u00f3n de Viena sobre Siria adopt\u00f3 un principio esencial de que s\u00f3lo el pueblo sirio es el que puede decidir el futuro de su pa\u00eds, y que ning\u00fan actor exterior est\u00e1 facultado de hablar en nombre de este pueblo o decidir en su lugar.<\/p>\n<p>El alto pol\u00edtico iran\u00ed asever\u00f3 que el presidente al-Assad es el presidente leg\u00edtimo y legal elegido por el pueblo sirio al que corresponde solamente el hecho de decidir el futuro de su pa\u00eds y la elecci\u00f3n de su l\u00edder.<\/p>\n<p>Asimismo destac\u00f3 que el cese de la guerra terrorista y del flujo de los terroristas a Siria, as\u00ed como la determinaci\u00f3n de los grupos terroristas y los de la oposici\u00f3n son condiciones ineludibles por el inicio del arreglo pol\u00edtico en esta naci\u00f3n, agregando que la \u201coposici\u00f3n armada moderada\u201d no existe en el terreno, y es un t\u00e9rmino que tiene como objetivo garantiza cubrimiento a los terroristas.<\/p>\n<p>Abdullahian expres\u00f3 tambi\u00e9n que los ataques terroristas que azotaron hace poco la capital francesa Paris, son la consecuencia de los errores estrat\u00e9gicos perpetrados por algunos pa\u00edses de utilizar a los terroristas como instrumentos para realizar sus metas anti Siria.<\/p>\n<p>A su vez, el embajador Mahmoud denunci\u00f3 que algunos pa\u00edses de la regi\u00f3n, tales como Turqu\u00eda, Arabia Saudita y Qatar mantienen su apoyo log\u00edstico y armament\u00edstico a las organizaciones terroristas, violando as\u00ed las resoluciones del Consejo de Seguridad de la ONU en materia de la lucha contra el terrorismo.<\/p>\n<p>Asimismo hizo una panor\u00e1mica sobre los trascendentes avances logrados por el Ej\u00e9rcito sirio en su guerra contra las organizaciones terroristas, y gracias al apoyo de la Federaci\u00f3n rusa, Ir\u00e1n y el Frente de la Resistencia.<\/p>\n<p>&nbsp;<\/p>\n<p>Lynn A.<\/p>\n","protected":false},"excerpt":{"rendered":"<p>Teher\u00e1n, SANA El vicecanciller iran\u00ed, Hossein Amir Abdullahian desminti\u00f3 declaraciones hechas supuestamente por el Canciller turco, las cuales alegan que en la segunda reuni\u00f3n de Viena se acord\u00f3 impedir al presidente Bashar al-Assad presentar su candidatura a las elecciones presidenciales, confirmando que estas informaciones son infundadas. Esto se produjo durante una reuni\u00f3n sostenida este mi\u00e9rcoles &hellip;<\/p>\n","protected":false},"author":24,"featured_media":33882,"comment_status":"closed","ping_status":"closed","sticky":false,"template":"","format":"standard","meta":{"footnotes":""},"categories":[597,456,457,576],"tags":[],"class_list":["post-33793","post","type-post","status-publish","format-standard","has-post-thumbnail","","category-cinta-de-noticias","category-arabe-internacional-politica","category-noticias-arabe-internacional-politica","category-noticias-politicas"],"_links":{"self":[{"href":"https:\/\/archive.sana.sy\/es\/index.php?rest_route=\/wp\/v2\/posts\/33793"}],"collection":[{"href":"https:\/\/archive.sana.sy\/es\/index.php?rest_route=\/wp\/v2\/posts"}],"about":[{"href":"https:\/\/archive.sana.sy\/es\/index.php?rest_route=\/wp\/v2\/types\/post"}],"author":[{"embeddable":true,"href":"https:\/\/archive.sana.sy\/es\/index.php?rest_route=\/wp\/v2\/users\/24"}],"replies":[{"embeddable":true,"href":"https:\/\/archive.sana.sy\/es\/index.php?rest_route=%2Fwp%2Fv2%2Fcomments&post=33793"}],"version-history":[{"count":0,"href":"https:\/\/archive.sana.sy\/es\/index.php?rest_route=\/wp\/v2\/posts\/33793\/revisions"}],"wp:featuredmedia":[{"embeddable":true,"href":"https:\/\/archive.sana.sy\/es\/index.php?rest_route=\/wp\/v2\/media\/33882"}],"wp:attachment":[{"href":"https:\/\/archive.sana.sy\/es\/index.php?rest_route=%2Fwp%2Fv2%2Fmedia&parent=33793"}],"wp:term":[{"taxonomy":"category","embeddable":true,"href":"https:\/\/archive.sana.sy\/es\/index.php?rest_route=%2Fwp%2Fv2%2Fcategories&post=33793"},{"taxonomy":"post_tag","embeddable":true,"href":"https:\/\/archive.sana.sy\/es\/index.php?rest_route=%2Fwp%2Fv2%2Ftags&post=33793"}],"curies":[{"name":"wp","href":"https:\/\/api.w.org\/{rel}","templated":true}]}}