{"id":33795,"date":"2015-11-18T18:31:16","date_gmt":"2015-11-18T16:31:16","guid":{"rendered":"http:\/\/sana.sy\/es\/?p=33795"},"modified":"2023-01-09T14:09:39","modified_gmt":"2023-01-09T12:09:39","slug":"el-embajador-irani-en-siria-reitera-el-apoyo-definitivo-de-su-pais-a-siria","status":"publish","type":"post","link":"https:\/\/archive.sana.sy\/es\/?p=33795","title":{"rendered":"El embajador iran\u00ed en Siria reitera el apoyo definitivo de su pa\u00eds a Siria"},"content":{"rendered":"<p style=\"text-align: justify\"><span style=\"color: #800000\">Alepo, SANA<\/span>&#8211; El Embajador de Ir\u00e1n en Siria, Mohammad Riza Shibani, reconfirm\u00f3 el apoyo definitivo de su pa\u00eds a Siria en su guerra contra las organizaciones terroristas.<\/p>\n<p style=\"text-align: justify\">Durante su reuni\u00f3n con el gobernador de Alepo Mohammad Marwan Olabi, en la ciudad de Alepo el mi\u00e9rcoles Shibani consider\u00f3 el apoyo de Ir\u00e1n a Siria como corresponder al favor de las autoridades y el pueblo sirios por su apoyo a la Revoluci\u00f3n Isl\u00e1mica iran\u00ed.<\/p>\n<p style=\"text-align: justify\">El funcionario iran\u00ed elogi\u00f3 la firmeza del pueblo Alepo en su resistencia al terrorismo, expresando su fe en la capacidad del pueblo sirio y el ej\u00e9rcito en ganar la batalla contra el terrorismo.<\/p>\n<p style=\"text-align: justify\">A su vez, Olabi agradeci\u00f3 la Rep\u00fablica Isl\u00e1mica de Ir\u00e1n por su apoyo a Siria, y agreg\u00f3 que los sirios est\u00e1n unidos detr\u00e1s de su ej\u00e9rcito en contra del terrorismo apoyado internacionalmente.<\/p>\n<p>M.Miri<\/p>\n","protected":false},"excerpt":{"rendered":"<p>Alepo, SANA&#8211; El Embajador de Ir\u00e1n en Siria, Mohammad Riza Shibani, reconfirm\u00f3 el apoyo definitivo de su pa\u00eds a Siria en su guerra contra las organizaciones terroristas. Durante su reuni\u00f3n con el gobernador de Alepo Mohammad Marwan Olabi, en la ciudad de Alepo el mi\u00e9rcoles Shibani consider\u00f3 el apoyo de Ir\u00e1n a Siria como corresponder &hellip;<\/p>\n","protected":false},"author":1,"featured_media":14799,"comment_status":"closed","ping_status":"closed","sticky":false,"template":"","format":"standard","meta":{"footnotes":""},"categories":[477,476],"tags":[7415],"class_list":["post-33795","post","type-post","status-publish","format-standard","has-post-thumbnail","","category-noticias-edulcorantes","category-locales","tag-el-embajador-irani-en-siria-reitera-el-apoyo-definitivo-de-su-pais-a-siria"],"_links":{"self":[{"href":"https:\/\/archive.sana.sy\/es\/index.php?rest_route=\/wp\/v2\/posts\/33795"}],"collection":[{"href":"https:\/\/archive.sana.sy\/es\/index.php?rest_route=\/wp\/v2\/posts"}],"about":[{"href":"https:\/\/archive.sana.sy\/es\/index.php?rest_route=\/wp\/v2\/types\/post"}],"author":[{"embeddable":true,"href":"https:\/\/archive.sana.sy\/es\/index.php?rest_route=\/wp\/v2\/users\/1"}],"replies":[{"embeddable":true,"href":"https:\/\/archive.sana.sy\/es\/index.php?rest_route=%2Fwp%2Fv2%2Fcomments&post=33795"}],"version-history":[{"count":0,"href":"https:\/\/archive.sana.sy\/es\/index.php?rest_route=\/wp\/v2\/posts\/33795\/revisions"}],"wp:featuredmedia":[{"embeddable":true,"href":"https:\/\/archive.sana.sy\/es\/index.php?rest_route=\/wp\/v2\/media\/14799"}],"wp:attachment":[{"href":"https:\/\/archive.sana.sy\/es\/index.php?rest_route=%2Fwp%2Fv2%2Fmedia&parent=33795"}],"wp:term":[{"taxonomy":"category","embeddable":true,"href":"https:\/\/archive.sana.sy\/es\/index.php?rest_route=%2Fwp%2Fv2%2Fcategories&post=33795"},{"taxonomy":"post_tag","embeddable":true,"href":"https:\/\/archive.sana.sy\/es\/index.php?rest_route=%2Fwp%2Fv2%2Ftags&post=33795"}],"curies":[{"name":"wp","href":"https:\/\/api.w.org\/{rel}","templated":true}]}}