{"id":337959,"date":"2024-09-12T15:37:10","date_gmt":"2024-09-12T12:37:10","guid":{"rendered":"https:\/\/sana.sy\/es\/?p=337959"},"modified":"2024-09-12T15:53:59","modified_gmt":"2024-09-12T12:53:59","slug":"damasco-acoge-con-satisfaccion-el-trabajo-con-las-agencias-de-la-onu-y-facilita-su-labor","status":"publish","type":"post","link":"https:\/\/archive.sana.sy\/es\/?p=337959","title":{"rendered":"Damasco acoge con satisfacci\u00f3n el trabajo con las agencias de la ONU y facilita su labor"},"content":{"rendered":"<p style=\"text-align: justify;\"><span style=\"color: #800000;\"><strong>Damaco, 12 sep (SANA)<\/strong> <\/span>El ministro de Asuntos Exteriores y Expatriados en el gobierno provisional sirio, Faisal Al-Mekdad, confirm\u00f3 que Siria acoge con satisfacci\u00f3n el trabajo con las agencias de la ONU y facilita su trabajo de una manera que sirva a su misi\u00f3n, reiterando el inter\u00e9s de Damasco por entregar todo tipo de ayuda a los ciudadanos sirios en todo el pa\u00eds.<\/p>\n<p style=\"text-align: justify;\">Al-Mekdad se\u00f1al\u00f3 hoy durante su reuni\u00f3n con Barbara Manzi, directora Regional para los Pa\u00edses \u00c1rabes de la Oficina de Coordinaci\u00f3n del Desarrollo de las Naciones Unidas, que Siria era un modelo de desarrollo econ\u00f3mico antes de la guerra terrorista que se le impuso.<\/p>\n<p style=\"text-align: justify;\">Explic\u00f3 que Siria da la bienvenida al trabajo con las agencias de la ONU y facilita su trabajo de una manera que sirva a su misi\u00f3n, especialmente en la etapa actual de recuperaci\u00f3n temprana y la transici\u00f3n de proporcionar \u00fanicamente ayuda humanitaria a apoyar la recuperaci\u00f3n econ\u00f3mica.<\/p>\n<p style=\"text-align: justify;\">Adem\u00e1s, el Canciller sirio subray\u00f3 que su pa\u00eds est\u00e1 dispuesto a brindar todo tipo de ayuda a todos sus ciudadanos en todo el territorio nacional, as\u00ed como el retorno digno de todos los refugiados que fueron desplazados por la fuerza del terrorismo, lo que se expres\u00f3 a trav\u00e9s de paquetes de decretos presidenciales y medidas gubernamentales.<\/p>\n<p style=\"text-align: justify;\">Tambi\u00e9n, indic\u00f3 que hay quienes prolongan deliberadamente la crisis y obstaculizan la recuperaci\u00f3n, mientras que las fuerzas de ocupaci\u00f3n estadounidenses y sus agentes llevan a cabo robos prescritos de los recursos de petr\u00f3leo y trigo sirios, adem\u00e1s de a las pr\u00e1cticas criminales ejecidas por las fuerzas del ocuipante y el corte de agua privando del agua a un mill\u00f3n de residentes de Hasakeh.<\/p>\n<p style=\"text-align: justify;\">Asimismo, el jefe de la diplomacia siria destac\u00f3 la necesidad de detener la guerra de genocidio humano perpetrado por \u201cIsrael\u201d en los territorios palestinos ocupados.<\/p>\n<p style=\"text-align: justify;\">A su vez, la funcionaria de la ONU subray\u00f3 el deseo de la referida organizaci\u00f3n de hacer esfuerzos adicionales para satisfacer las crecientes necesidades en Siria y la regi\u00f3n, y que los esfuerzos deben centrarse en la pr\u00f3xima etapa en proporcionar lo mejor, lo que contribuir\u00e1 a aliviar el sufrimiento de la poblaci\u00f3n siria, lejos de politizaci\u00f3n que algunos intentan imponer.<\/p>\n<p style=\"text-align: justify;\">Se\u00f1al\u00f3 que lo que sucede en la Franja de Gaza y Cisjordania ha complicado la situaci\u00f3n en la regi\u00f3n y los esfuerzos de la ONU all\u00ed.<\/p>\n<p style=\"text-align: justify;\">sm\/ed<\/p>\n","protected":false},"excerpt":{"rendered":"<p>Damaco, 12 sep (SANA) El ministro de Asuntos Exteriores y Expatriados en el gobierno provisional sirio, Faisal Al-Mekdad, confirm\u00f3 que Siria acoge con satisfacci\u00f3n el trabajo con las agencias de la ONU y facilita su trabajo de una manera que sirva a su misi\u00f3n, reiterando el inter\u00e9s de Damasco por entregar todo tipo de ayuda &hellip;<\/p>\n","protected":false},"author":32,"featured_media":337960,"comment_status":"closed","ping_status":"closed","sticky":false,"template":"","format":"standard","meta":{"footnotes":""},"categories":[597,20724,467,583],"tags":[],"class_list":["post-337959","post","type-post","status-publish","format-standard","has-post-thumbnail","","category-cinta-de-noticias","category-minuto-a-minuto","category-siria-y-el-mundo","category-slide"],"_links":{"self":[{"href":"https:\/\/archive.sana.sy\/es\/index.php?rest_route=\/wp\/v2\/posts\/337959"}],"collection":[{"href":"https:\/\/archive.sana.sy\/es\/index.php?rest_route=\/wp\/v2\/posts"}],"about":[{"href":"https:\/\/archive.sana.sy\/es\/index.php?rest_route=\/wp\/v2\/types\/post"}],"author":[{"embeddable":true,"href":"https:\/\/archive.sana.sy\/es\/index.php?rest_route=\/wp\/v2\/users\/32"}],"replies":[{"embeddable":true,"href":"https:\/\/archive.sana.sy\/es\/index.php?rest_route=%2Fwp%2Fv2%2Fcomments&post=337959"}],"version-history":[{"count":9,"href":"https:\/\/archive.sana.sy\/es\/index.php?rest_route=\/wp\/v2\/posts\/337959\/revisions"}],"predecessor-version":[{"id":337969,"href":"https:\/\/archive.sana.sy\/es\/index.php?rest_route=\/wp\/v2\/posts\/337959\/revisions\/337969"}],"wp:featuredmedia":[{"embeddable":true,"href":"https:\/\/archive.sana.sy\/es\/index.php?rest_route=\/wp\/v2\/media\/337960"}],"wp:attachment":[{"href":"https:\/\/archive.sana.sy\/es\/index.php?rest_route=%2Fwp%2Fv2%2Fmedia&parent=337959"}],"wp:term":[{"taxonomy":"category","embeddable":true,"href":"https:\/\/archive.sana.sy\/es\/index.php?rest_route=%2Fwp%2Fv2%2Fcategories&post=337959"},{"taxonomy":"post_tag","embeddable":true,"href":"https:\/\/archive.sana.sy\/es\/index.php?rest_route=%2Fwp%2Fv2%2Ftags&post=337959"}],"curies":[{"name":"wp","href":"https:\/\/api.w.org\/{rel}","templated":true}]}}